{"id":2304,"date":"2021-07-30T13:15:17","date_gmt":"2021-07-30T18:15:17","guid":{"rendered":"https:\/\/santiagogalvan.com\/?p=2304"},"modified":"2021-07-30T13:28:17","modified_gmt":"2021-07-30T18:28:17","slug":"prorroga-imss-al-outsourcing","status":"publish","type":"post","link":"https:\/\/santiagogalvan.com\/index.php\/2021\/07\/30\/prorroga-imss-al-outsourcing\/","title":{"rendered":"Pr\u00f3rroga IMSS al OUTSOURCING"},"content":{"rendered":"\n<p>.<\/p>\n\n\n\n<p><strong>Es una maravilla esta publicaci\u00f3n \u00a1en el DOF!<\/strong><\/p>\n\n\n\n<p>El IMSS prorroga ciertos plazos que tienen que ver con los tiempos relativos al cumplimiento de disposiciones de seguridad social (migraci\u00f3n de trabajadores, RT, sustitucion patronal, etc.) hasta en tanto se apruebe y entre en vigor, a trav\u00e9s del Decreto <strong>que para tal efecto emita el Ejecutivo Federal<\/strong> que contenga la modificaci\u00f3n planteada (prorroga a la entrada en vigor), mediante   <em>la iniciativa por la que se reforman los art\u00edculos transitorios Primero, Tercero, Cuarto, Quinto, Sexto y S\u00e9ptimo<\/em> del Decreto de subcontrataci\u00f3n.\u00a0<\/p>\n\n\n\n<p>O sea, basados en la Gaceta del Senado, es decir, en una iniciativa, el IMSS <strong>ya prorrog\u00f3 los efectos del Decreto<\/strong> en su materia. \u00a0\u00bfQu\u00e9 tal?<\/p>\n\n\n\n<p>.<\/p>\n\n\n\n<p>Por lo pronto, los efectos del Decreto del Outsourcing en lo que respecta al IMSS, est\u00e1n oficialmente prorrogados;  por el momento, indefinidamente, puesto que la fecha en la que inicie el plazo de pr\u00f3rroga, \u00a1no existe! En fin.<\/p>\n\n\n\n<p>.<\/p>\n\n\n\n<p><strong>REFERENCIA<\/strong>: (ART\u00cdCULOS PRORROGADOS DEL DECRETO):<\/p>\n\n\n\n<p><\/p>\n\n\n\n<p class=\"has-small-font-size\"><em><strong>Quinto.<\/strong>\u00a0Aquellos patrones que, en t\u00e9rminos del segundo p\u00e1rrafo del art\u00edculo 75 de la Ley del Seguro Social, previo a la entrada en vigor del presente Decreto, hubiesen solicitado al Instituto Mexicano del Seguro Social la asignaci\u00f3n de uno o m\u00e1s registros patronales por clase, de las se\u00f1aladas en el art\u00edculo 73 de la Ley del Seguro Social, para realizar la inscripci\u00f3n de sus trabajadores a nivel nacional, <strong>contar\u00e1n con un plazo de 90 d\u00edas naturales contados a partir de la entrada en vigor de las presentes reformas legales para dar de baja dichos registros patronales <\/strong>y de ser procedente, solicitar al mencionado Instituto se le otorgue un registro patronal en t\u00e9rminos de lo dispuesto por el Reglamento de la Ley del Seguro Social en materia de Afiliaci\u00f3n, Clasificaci\u00f3n de Empresas, Recaudaci\u00f3n y Fiscalizaci\u00f3n.<\/em><\/p>\n\n\n\n<p class=\"has-small-font-size\"><em>&#8230;.<\/em><\/p>\n\n\n\n<p class=\"has-small-font-size\"><em><strong>Sexto.\u00a0<\/strong>Las personas f\u00edsicas o morales que presten servicios especializados o ejecuten obras especializadas, deber\u00e1n empezar a proporcionar la informaci\u00f3n a que se refieren las fracciones I y II del art\u00edculo 15 A de la Ley del Seguro Social, <strong>dentro del plazo de 90 d\u00edas naturales contados a partir de la entrada en vigor del presente Decreto.<\/strong> La informaci\u00f3n a que se refiere la fracci\u00f3n III del citado art\u00edculo deber\u00e1 ser presentada, una vez que la Secretar\u00eda del Trabajo y Previsi\u00f3n Social ponga a disposici\u00f3n de dichas personas, el mecanismo para la obtenci\u00f3n del documento de referencia.<\/em><\/p>\n\n\n\n<p class=\"has-small-font-size\">.<\/p>\n\n\n\n<p class=\"has-small-font-size\"><em><strong>S\u00e9ptimo.\u00a0<\/strong>Para efectos de la Ley del Seguro Social, <strong>durante los 90 d\u00edas naturales siguientes a la entrada en vigor de la presente reforma, se considerar\u00e1 como sustituci\u00f3n patronal la migraci\u00f3n de trabajadores de las empresas que operaban bajo el r\u00e9gimen de subcontrataci\u00f3n laboral, siempre y cuando la empresa destino de los trabajadores reconozca sus derechos laborales<\/strong>, incluyendo la antig\u00fcedad de los mismos y los riesgos de trabajo terminados, ante las instancias legales correspondientes<\/em><\/p>\n\n\n\n<p class=\"has-small-font-size\">&#8230;<\/p>\n\n\n\n<p>.<\/p>\n\n\n\n<p>.<\/p>\n\n\n\n<p><\/p>\n\n\n\n<p> <\/p>\n\n\n\n<p>A continuaci\u00f3n la publicaci\u00f3n oficial del Acuerdo del Consejo T\u00e9cnico :<\/p>\n\n\n\n<p>.<\/p>\n\n\n\n<figure class=\"wp-block-table\"><table><tbody><tr><\/tr><tr><td><strong>DOF: 30\/07\/2021<\/strong><\/td><\/tr><tr><td>ACUERDO\u00a0ACDO.AS2.HCT.230721\/188.P.DIR, dictado por el H. Consejo T\u00e9cnico, en sesi\u00f3n ordinaria de 23 de\u00a0julio de 2021, por el que se autoriza prorrogar el plazo previsto en los art\u00edculos Quinto, Sexto y S\u00e9ptimo\u00a0Transitorios del Decreto por el que se reforman,adicionan y derogan diversas disposiciones de la Ley Federal del\u00a0Trabajo; de la Ley del Seguro Social; de la Ley del Instituto del Fondo Nacional de la Vivienda para los\u00a0Trabajadores; del C\u00f3digo Fiscal de la Federaci\u00f3n; de la Ley del Impuesto Sobre\u00a0la Renta; de la Ley del Impuesto\u00a0al Valor Agregado; de la Ley Federal de los Trabajadores al Servicio del Estado, reglamentaria del apartado B) del\u00a0art\u00edculo 123 Constitucional; de la Ley Reglamentaria de la Fracci\u00f3n XIII Bis del Apartado B, del art\u00edculo\u00a0123 de la\u00a0Constituci\u00f3n Pol\u00edtica de los Estados Unidos Mexicanos, en materia de Subcontrataci\u00f3n Laboral, publicado el 23 de\u00a0abril de 2021, hasta en tanto se apruebe y entre en vigor, a trav\u00e9s del Decreto que para tal efecto emita el Ejecutivo\u00a0Federal,\u00a0la modificaci\u00f3n planteada en la iniciativa por la que se reforman los art\u00edculos transitorios Primero,\u00a0Tercero, Cuarto, Quinto, Sexto y S\u00e9ptimo del referido Decreto, publicada en la Gaceta del Senado de la Rep\u00fablica\u00a0LXIV\/3SPR-30\/119360, el 21 de julio de\u00a02021, o aquella que apruebe el Congreso de la Uni\u00f3n que ampl\u00ede los plazos\u00a0establecidos en los referidos art\u00edculos transitorios.Al margen un sello con el Escudo Nacional, que dice: Estados Unidos Mexicanos.- GOBIERNO DE M\u00c9XICO.-\u00a0Instituto Mexicano del Seguro Social.- Secretar\u00eda del Honorable Consejo T\u00e9cnico.El H. Consejo T\u00e9cnico, en la sesi\u00f3n ordinaria celebrada el d\u00eda 23 de julio del presente a\u00f1o, dict\u00f3 el\u00a0Acuerdo\u00a0<br>.<br><strong>ACDO.AS2.HCT.230721\/188.P.DIR<\/strong>, en los siguientes t\u00e9rminos:&#8221;Este Consejo T\u00e9cnico, con fundamento en lo dispuesto por los art\u00edculos 15 A, 251, fracciones IV y\u00a0XXXVII, 263 y 264 fracciones III, XIV y XVII de la Ley del Seguro Social; 5 y 57 de la Ley Federal de las\u00a0Entidades Paraestatales; 31, fracciones II y XX del Reglamento Interior del Instituto Mexicano del Seguro\u00a0Social; y de conformidad con el planteamiento presentando por el Director General, por conducto de la\u00a0persona Titular de la Direcci\u00f3n de Incorporaci\u00f3n y Recaudaci\u00f3n, en t\u00e9rminos del oficio n\u00famero 51 de fecha 21\u00a0de julio de 2021,\u00a0<strong>Acuerda: <\/strong><br>.<br><strong>Primero.-<\/strong>\u00a0Para efectos de los plazos establecidos en los art\u00edculos Quinto, Sexto y\u00a0S\u00e9ptimo Transitorios del Decreto por el que se reforman, adicionan y derogan diversas disposiciones de la\u00a0Ley Federal del Trabajo; de la Ley del Seguro Social; de la Ley del Instituto del Fondo Nacional de la Vivienda\u00a0para los Trabajadores; del C\u00f3digo Fiscal de la Federaci\u00f3n; de la Ley del Impuesto Sobre la Renta; de la Ley\u00a0del Impuesto al Valor Agregado; de la Ley Federal de los Trabajadores al Servicio del Estado, reglamentaria\u00a0del apartado B) del art\u00edculo 123 Constitucional; de la Ley Reglamentaria de la Fracci\u00f3n XIII Bis del Apartado B,\u00a0del art\u00edculo 123 de la Constituci\u00f3n Pol\u00edtica de los Estados Unidos Mexicanos, en materia de Subcontrataci\u00f3n\u00a0Laboral&#8217;, publicado en el Diario Oficial de la Federaci\u00f3n el 23 de abril de 2021, en los cuales se establece el\u00a0plazo de 90 d\u00edas naturales para el cumplimiento de las disposiciones y obtenci\u00f3n de los beneficiosestablecidos en los mismos, se autoriza prorrogar dicho plazo hasta en tanto se apruebe y entre en vigor, a\u00a0trav\u00e9s del Decreto que para tal efecto emita el Ejecutivo Federal, la modificaci\u00f3n planteada en la iniciativa por\u00a0la que se reforman los art\u00edculos transitorios Primero, Tercero, Cuarto, Quinto, Sexto y S\u00e9ptimo del referido\u00a0Decreto, publicada en la Gaceta del Senado de la Rep\u00fablica LXIV\/3SPR-30\/119360, el 21 de julio de 2021, o\u00a0aquella que apruebe el Congreso de la Uni\u00f3n que ampl\u00ede los plazos establecidos en los referidos art\u00edculos\u00a0transitorios.\u00a0<br>.<br><strong>Segundo.-<\/strong>\u00a0Instruir a la persona Titular de la Direcci\u00f3n de Incorporaci\u00f3n y Recaudaci\u00f3n para que\u00a0resuelva las dudas o aclaraciones con motivo de la aplicaci\u00f3n del presente Acuerdo.\u00a0<br>.<br><strong>Tercero.-<\/strong>\u00a0Instruir a la\u00a0persona Titular de la Direcci\u00f3n Jur\u00eddica para que realice los tr\u00e1mites necesarios ante las instancias\u00a0competentes, a efecto de que este Acuerdo se publique en el Diario Oficial de la Federaci\u00f3n.\u00a0<br>.<br><strong>Cuarto.-<\/strong>\u00a0El\u00a0presente Acuerdo entrar\u00e1 en vigor el d\u00eda de su aprobaci\u00f3n&#8221;.<br>.<br>Atentamente,Ciudad de M\u00e9xico, a 23 de julio de 2021.-\u00a0Secretario General,\u00a0Lic.\u00a0<strong>Marcos Bucio M\u00fajica<\/strong>.- R\u00fabrica.<\/td><\/tr><\/tbody><\/table><\/figure>\n\n\n\n<p><\/p>\n\n\n\n<p>.<\/p>\n\n\n\n<p>.<\/p>\n\n\n\n<p><br>A sus \u00f3rdenes tambi\u00e9n, en:<\/p>\n\n\n\n<p><a href=\"http:\/\/www.santiagogalvan.com\/\"><strong>santiago<\/strong><strong>galvan<\/strong><\/a><\/p>\n\n\n\n<p><em>Facebook<\/em>:&nbsp;&nbsp;<a href=\"https:\/\/www.facebook.com\/Santiago.Galvan.E\/\">SG&amp;C Defensa e Ingenier\u00eda Fiscal<\/a>&nbsp;&nbsp;<\/p>\n\n\n\n<p><em>Website:<\/em>&nbsp;&nbsp;<a href=\"http:\/\/www.santiagogalvan.com\/\">www.santiagogalvan.com<\/a><\/p>\n\n\n\n<p><em>Twitter<\/em><em>:<\/em>&nbsp;&nbsp;@ogait33<\/p>\n\n\n\n<p><em>E-<\/em><em>mail<\/em><em>:<\/em>&nbsp;<a href=\"mailto:info@santiagogalvan.com\">info@santiagogalvan.com<\/a><\/p>\n\n\n\n<p><em>Linkedin<\/em><em>:&nbsp;<\/em><a href=\"https:\/\/www.linkedin.com\/in\/santiago-galvan-9577882a\/\">Santiago (Oga Itnas) Galvan<\/a><\/p>\n\n\n\n<ul><li><a href=\"http:\/\/www.facebook.com\/sharer.php?u=https:\/\/santiagogalvan.com\/index.php\/2021\/07\/15\/agencia-nacional-de-aduanas\/&amp;[title]=AGENCIA NACIONAL DE ADUANAS\" target=\"_blank\" rel=\"noreferrer noopener\"><\/a><\/li><\/ul>\n","protected":false},"excerpt":{"rendered":"<p>. Es una maravilla esta publicaci\u00f3n \u00a1en el DOF! El IMSS prorroga ciertos plazos que tienen que ver con los tiempos relativos al cumplimiento de disposiciones de seguridad social (migraci\u00f3n de trabajadores, RT, sustitucion patronal, etc.) hasta en tanto se apruebe y entre en vigor, a trav\u00e9s del Decreto que para tal efecto emita el [&hellip;]<\/p>\n","protected":false},"author":2,"featured_media":0,"comment_status":"closed","ping_status":"open","sticky":false,"template":"","format":"standard","meta":[],"categories":[1],"tags":[],"_links":{"self":[{"href":"https:\/\/santiagogalvan.com\/index.php\/wp-json\/wp\/v2\/posts\/2304"}],"collection":[{"href":"https:\/\/santiagogalvan.com\/index.php\/wp-json\/wp\/v2\/posts"}],"about":[{"href":"https:\/\/santiagogalvan.com\/index.php\/wp-json\/wp\/v2\/types\/post"}],"author":[{"embeddable":true,"href":"https:\/\/santiagogalvan.com\/index.php\/wp-json\/wp\/v2\/users\/2"}],"replies":[{"embeddable":true,"href":"https:\/\/santiagogalvan.com\/index.php\/wp-json\/wp\/v2\/comments?post=2304"}],"version-history":[{"count":4,"href":"https:\/\/santiagogalvan.com\/index.php\/wp-json\/wp\/v2\/posts\/2304\/revisions"}],"predecessor-version":[{"id":2310,"href":"https:\/\/santiagogalvan.com\/index.php\/wp-json\/wp\/v2\/posts\/2304\/revisions\/2310"}],"wp:attachment":[{"href":"https:\/\/santiagogalvan.com\/index.php\/wp-json\/wp\/v2\/media?parent=2304"}],"wp:term":[{"taxonomy":"category","embeddable":true,"href":"https:\/\/santiagogalvan.com\/index.php\/wp-json\/wp\/v2\/categories?post=2304"},{"taxonomy":"post_tag","embeddable":true,"href":"https:\/\/santiagogalvan.com\/index.php\/wp-json\/wp\/v2\/tags?post=2304"}],"curies":[{"name":"wp","href":"https:\/\/api.w.org\/{rel}","templated":true}]}}