{"id":2404,"date":"2022-02-18T21:09:10","date_gmt":"2022-02-19T03:09:10","guid":{"rendered":"https:\/\/santiagogalvan.com\/?p=2404"},"modified":"2022-02-18T21:09:15","modified_gmt":"2022-02-19T03:09:15","slug":"segunda-resolucion-de-modificaciones-a-la-miscelanea-fiscal-2022-v-anticipada","status":"publish","type":"post","link":"https:\/\/santiagogalvan.com\/index.php\/2022\/02\/18\/segunda-resolucion-de-modificaciones-a-la-miscelanea-fiscal-2022-v-anticipada\/","title":{"rendered":"SEGUNDA RESOLUCI\u00d3N DE MODIFICACIONES A LA MISCEL\u00c1NEA FISCAL 2022 (V. ANTICIPADA)"},"content":{"rendered":"\n<p><\/p>\n\n\n\n<p>.<\/p>\n\n\n\n<p>Apenas hoy se public\u00f3 la primer resoluci\u00f3n de modificaciones a la Miscel\u00e1nea Fiscal 2022 y ya apareci\u00f3 la primer versi\u00f3n anticipada de la \ud835\udde6\ud835\uddd8\ud835\uddda\ud835\udde8\ud835\udde1\ud835\uddd7\ud835\uddd4 \ud835\udde5\ud835\uddd8\ud835\udde6\ud835\udde2\ud835\udddf\ud835\udde8\ud835\uddd6\ud835\udddc\u00d3\ud835\udde1 \ud835\uddd7\ud835\uddd8 \ud835\udde0\ud835\udde2\ud835\uddd7\ud835\udddc\ud835\uddd9\ud835\udddc\ud835\uddd6\ud835\uddd4\ud835\uddd6\ud835\udddc\ud835\udde2\ud835\udde1\ud835\uddd8\ud835\udde6 \ud835\uddd4 \ud835\udddf\ud835\uddd4 \ud835\udde5\ud835\uddd8\ud835\udde6\ud835\udde2\ud835\udddf\ud835\udde8\ud835\uddd6\ud835\udddc\ud835\udde2\ud835\udde1 \ud835\udde0\ud835\udddc\ud835\udde6\ud835\uddd6\ud835\uddd8\ud835\udddf\u00c1\ud835\udde1\ud835\uddd8\ud835\uddd4 \ud835\uddd9\ud835\udddc\ud835\udde6\ud835\uddd6\ud835\uddd4\ud835\udddf \ud835\udfee\ud835\udfec\ud835\udfee\ud835\udfee<\/p>\n\n\n\n<p>.<\/p>\n\n\n\n<p><\/p>\n\n\n\n<figure class=\"wp-block-image size-full\"><img loading=\"lazy\" width=\"1180\" height=\"1598\" src=\"https:\/\/santiagogalvan.com\/wp-content\/uploads\/2022\/02\/image.png\" alt=\"\" class=\"wp-image-2405\" srcset=\"https:\/\/santiagogalvan.com\/wp-content\/uploads\/2022\/02\/image.png 1180w, https:\/\/santiagogalvan.com\/wp-content\/uploads\/2022\/02\/image-222x300.png 222w, https:\/\/santiagogalvan.com\/wp-content\/uploads\/2022\/02\/image-756x1024.png 756w, https:\/\/santiagogalvan.com\/wp-content\/uploads\/2022\/02\/image-768x1040.png 768w, https:\/\/santiagogalvan.com\/wp-content\/uploads\/2022\/02\/image-1134x1536.png 1134w\" sizes=\"(max-width: 1180px) 100vw, 1180px\" \/><\/figure>\n\n\n\n<p><\/p>\n\n\n\n<p>.<\/p>\n\n\n\n<p>A sus \u00f3rdenes en:<\/p>\n\n\n\n<p>.<\/p>\n\n\n\n<p><a href=\"http:\/\/www.santiagogalvan.com\/\"><strong>santiago<\/strong><strong>galvan<\/strong><\/a><\/p>\n\n\n\n<p><em>Facebook<\/em>:&nbsp;&nbsp;<a href=\"https:\/\/www.facebook.com\/Santiago.Galvan.E\/\">SG&amp;C Defensa e Ingenier\u00eda Fiscal<\/a>&nbsp;&nbsp;<\/p>\n\n\n\n<p><em>Website:<\/em>&nbsp;&nbsp;<a href=\"http:\/\/www.santiagogalvan.com\/\">www.santiagogalvan.com<\/a><\/p>\n\n\n\n<p><em>Twitter<\/em><em>:<\/em>&nbsp;&nbsp;@ogait33<\/p>\n\n\n\n<p><em>E-<\/em><em>mail<\/em><em>:<\/em>&nbsp;<a href=\"mailto:info@santiagogalvan.com\">info@santiagogalvan.com<\/a><\/p>\n\n\n\n<p><em>Linkedin<\/em><em>:&nbsp;<\/em><a href=\"https:\/\/www.linkedin.com\/in\/santiago-galvan-9577882a\/\">Santiago (Oga Itnas) Galvan<\/a><\/p>\n","protected":false},"excerpt":{"rendered":"<p>. Apenas hoy se public\u00f3 la primer resoluci\u00f3n de modificaciones a la Miscel\u00e1nea Fiscal 2022 y ya apareci\u00f3 la primer versi\u00f3n anticipada de la \ud835\udde6\ud835\uddd8\ud835\uddda\ud835\udde8\ud835\udde1\ud835\uddd7\ud835\uddd4 \ud835\udde5\ud835\uddd8\ud835\udde6\ud835\udde2\ud835\udddf\ud835\udde8\ud835\uddd6\ud835\udddc\u00d3\ud835\udde1 \ud835\uddd7\ud835\uddd8 \ud835\udde0\ud835\udde2\ud835\uddd7\ud835\udddc\ud835\uddd9\ud835\udddc\ud835\uddd6\ud835\uddd4\ud835\uddd6\ud835\udddc\ud835\udde2\ud835\udde1\ud835\uddd8\ud835\udde6 \ud835\uddd4 \ud835\udddf\ud835\uddd4 \ud835\udde5\ud835\uddd8\ud835\udde6\ud835\udde2\ud835\udddf\ud835\udde8\ud835\uddd6\ud835\udddc\ud835\udde2\ud835\udde1 \ud835\udde0\ud835\udddc\ud835\udde6\ud835\uddd6\ud835\uddd8\ud835\udddf\u00c1\ud835\udde1\ud835\uddd8\ud835\uddd4 \ud835\uddd9\ud835\udddc\ud835\udde6\ud835\uddd6\ud835\uddd4\ud835\udddf \ud835\udfee\ud835\udfec\ud835\udfee\ud835\udfee . . A sus \u00f3rdenes en: . santiagogalvan Facebook:&nbsp;&nbsp;SG&amp;C Defensa e Ingenier\u00eda Fiscal&nbsp;&nbsp; Website:&nbsp;&nbsp;www.santiagogalvan.com Twitter:&nbsp;&nbsp;@ogait33 E-mail:&nbsp;info@santiagogalvan.com Linkedin:&nbsp;Santiago (Oga Itnas) Galvan<\/p>\n","protected":false},"author":2,"featured_media":0,"comment_status":"closed","ping_status":"open","sticky":false,"template":"","format":"standard","meta":[],"categories":[6,5],"tags":[],"_links":{"self":[{"href":"https:\/\/santiagogalvan.com\/index.php\/wp-json\/wp\/v2\/posts\/2404"}],"collection":[{"href":"https:\/\/santiagogalvan.com\/index.php\/wp-json\/wp\/v2\/posts"}],"about":[{"href":"https:\/\/santiagogalvan.com\/index.php\/wp-json\/wp\/v2\/types\/post"}],"author":[{"embeddable":true,"href":"https:\/\/santiagogalvan.com\/index.php\/wp-json\/wp\/v2\/users\/2"}],"replies":[{"embeddable":true,"href":"https:\/\/santiagogalvan.com\/index.php\/wp-json\/wp\/v2\/comments?post=2404"}],"version-history":[{"count":1,"href":"https:\/\/santiagogalvan.com\/index.php\/wp-json\/wp\/v2\/posts\/2404\/revisions"}],"predecessor-version":[{"id":2406,"href":"https:\/\/santiagogalvan.com\/index.php\/wp-json\/wp\/v2\/posts\/2404\/revisions\/2406"}],"wp:attachment":[{"href":"https:\/\/santiagogalvan.com\/index.php\/wp-json\/wp\/v2\/media?parent=2404"}],"wp:term":[{"taxonomy":"category","embeddable":true,"href":"https:\/\/santiagogalvan.com\/index.php\/wp-json\/wp\/v2\/categories?post=2404"},{"taxonomy":"post_tag","embeddable":true,"href":"https:\/\/santiagogalvan.com\/index.php\/wp-json\/wp\/v2\/tags?post=2404"}],"curies":[{"name":"wp","href":"https:\/\/api.w.org\/{rel}","templated":true}]}}