{"id":2418,"date":"2022-03-03T09:55:55","date_gmt":"2022-03-03T15:55:55","guid":{"rendered":"https:\/\/santiagogalvan.com\/?p=2418"},"modified":"2022-03-03T10:04:18","modified_gmt":"2022-03-03T16:04:18","slug":"acdo-as2-hct-260122-12-p-dir-del-consejo-tecnico-del-imss-tramites-y-formatos","status":"publish","type":"post","link":"https:\/\/santiagogalvan.com\/index.php\/2022\/03\/03\/acdo-as2-hct-260122-12-p-dir-del-consejo-tecnico-del-imss-tramites-y-formatos\/","title":{"rendered":"ACDO.AS2.HCT.260122\/12.P.DIR del Consejo T\u00e9cnico del IMSS:  TRAMITES Y FORMATOS"},"content":{"rendered":"\n<p>.<\/p>\n\n\n\n<p>PUNTOS DEL ACUERDO:<\/p>\n\n\n\n<p><strong>Primero.-<\/strong>&nbsp;Aprobar los plazos m\u00e1ximos de resoluci\u00f3n y vigencia, as\u00ed como los datos y los documentos&nbsp;espec\u00edficos que se deben proporcionar o adjuntar a los tr\u00e1mites ante el Instituto Mexicano del Seguro Social,&nbsp;por conducto de la Direcci\u00f3n de Incorporaci\u00f3n y Recaudaci\u00f3n, los cuales se describen en el Anexo \u00danico del&nbsp;presente Acuerdo.&nbsp;<\/p>\n\n\n\n<p><strong>Segundo.-&nbsp;<\/strong>Aprobar los formatos Aviso de Registro Patronal Personas Morales en el&nbsp;R\u00e9gimen Obligatorio&#8217;&nbsp;y Aviso de Registro Patronal Personas F\u00edsicas en el R\u00e9gimen Obligatorio&#8217;, los cuales se&nbsp;acompa\u00f1an al presente Acuerdo.&nbsp;<\/p>\n\n\n\n<p><strong>Tercero.-<\/strong>&nbsp;Aprobar que los tr\u00e1mites referidos puedan gestionarse de manera&nbsp;electr\u00f3nica, siempre que el Instituto ponga a disposici\u00f3n de los interesados las herramientas tecnol\u00f3gicasnecesarias para realizarlos por dicha v\u00eda y una vez que los tr\u00e1mites cumplan con los medios de identificaci\u00f3n y&nbsp;autenticaci\u00f3n que el Instituto se\u00f1ale en las reglas de car\u00e1cter general que expedir\u00e1 para tal efecto, en&nbsp;t\u00e9rminos del art\u00edculo 69-C de la Ley Federal de Procedimiento Administrativo.&nbsp;<\/p>\n\n\n\n<p><strong>Cuarto.-<\/strong>&nbsp;Dejar sin efecto los&nbsp;siguientes tr\u00e1mites previsto en el Acuerdo ACDO.SA1.HCT.230713\/202.P.DIR y sus anexos, dictado por el&nbsp;H.&nbsp;Consejo T\u00e9cnico en la sesi\u00f3n ordinaria celebrada el 23 de julio de 2013:&nbsp;<strong>(i)<\/strong>&nbsp;Solicitud de Inscripci\u00f3n en la&nbsp;Continuaci\u00f3n Voluntaria en el R\u00e9gimen Obligatorio;&nbsp;<strong>(ii)<\/strong>&nbsp;Incorporaci\u00f3n Voluntaria al R\u00e9gimen Obligatorio del&nbsp;Seguro Social (Trabajador dom\u00e9stico; Patr\u00f3n persona f\u00edsica con trabajadores asegurados a su servicio;Trabajadores no asalariados del \u00e1mbito urbano, y Trabajadores no asalariados del campo);&nbsp;<strong>(iii)<\/strong>&nbsp;Incorporaci\u00f3n&nbsp;al Seguro de Salud para la Familia.&nbsp;<\/p>\n\n\n\n<p><strong>Quinto.-<\/strong>&nbsp;Autorizar a la Direcci\u00f3n General, por conducto de la Direcci\u00f3n de&nbsp;Incorporaci\u00f3n y Recaudaci\u00f3n, para que, en caso de considerarlo conveniente en el futuro, modifique los&nbsp;t\u00e9rminos se\u00f1alados para la presentaci\u00f3n y resoluci\u00f3n de los tr\u00e1mites que se se\u00f1alan el Anexo \u00danico de este&nbsp;Acuerdo, mediante acuerdos generales publicados en el Diario Oficial de la Federaci\u00f3n, siempre que dichas&nbsp;modificaciones versen sobre la simplificaci\u00f3n o fusi\u00f3n de los formatos correspondientes; el establecimiento de&nbsp;plazos de respuesta menores; exenciones a presentar los datos de informaci\u00f3n y documentos especificados,cuando el Instituto pueda obtenerlos por otra v\u00eda, o cualquier otra modificaci\u00f3n que implique una carga&nbsp;administrativa menor para los particulares, en t\u00e9rminos del art\u00edculo 84 de la Ley General de Mejora&nbsp;Regulatoria.&nbsp;<\/p>\n\n\n\n<p><strong>Sexto.-<\/strong>&nbsp;Instruir a la persona Titular de la Direcci\u00f3n de Incorporaci\u00f3n y Recaudaci\u00f3n para que, por&nbsp;conducto de la persona Titular de la Unidad de Incorporaci\u00f3n al Seguro Social, resuelva las dudas o formule&nbsp;las aclaraciones que las unidades administrativas del Instituto presenten o soliciten con motivo de la aplicaci\u00f3n&nbsp;del presente Acuerdo.&nbsp;<\/p>\n\n\n\n<p><strong>S\u00e9ptimo.-<\/strong>&nbsp;Instruir a la Direcci\u00f3n Jur\u00eddica para que, previa resoluci\u00f3n de la Comisi\u00f3nNacional de Mejora Regulatoria, realice los tr\u00e1mites necesarios para la publicaci\u00f3n del presente Acuerdo y su&nbsp;respectivo Anexo en el Diario Oficial de la Federaci\u00f3n.<\/p>\n\n\n\n<p><strong>Octavo.-<\/strong>&nbsp;El presente Acuerdo entrar\u00e1 en vigor a partir&nbsp;del d\u00eda siguiente de su publicaci\u00f3n en el Diario Oficial de la Federaci\u00f3n.&nbsp;<\/p>\n\n\n\n<p><strong>Noveno.-<\/strong>\u00a0Solicitar a la Unidad de\u00a0Integridad y Transparencia que, en t\u00e9rminos del art\u00edculo 13 de la Ley General de Mejora Regulatoria, realice\u00a0las acciones necesarias ante la Comisi\u00f3n Nacional de Mejora Regulatoria, para la actualizaci\u00f3n de la\u00a0informaci\u00f3n inscrita en el Cat\u00e1logo Nacional de Regulaciones, Tr\u00e1mites y Servicios respecto de los tr\u00e1mitesque se se\u00f1alan en el Anexo \u00danico del presente Acuerdo&#8221;<\/p>\n\n\n\n<p>.<\/p>\n\n\n\n<p>.<\/p>\n\n\n\n<p>.<\/p>\n\n\n\n<p class=\"has-text-align-center\"><strong>ANEXO \u00daNICO<\/strong><\/p>\n\n\n\n<p>.<\/p>\n\n\n\n<figure class=\"wp-block-table\"><table><tbody><tr><td><strong>NOMBRE DEL TR\u00c1MITE<\/strong>3.- Solicitud de inscripci\u00f3n en la continuaci\u00f3n voluntaria en el r\u00e9gimen obligatorio<\/td><\/tr><tr><td><strong>PLAZO M\u00c1XIMO DE LA RESOLUCI\u00d3N DEL TR\u00c1MITE<\/strong>5 d\u00edas h\u00e1biles.<strong>PLAZO DE PREVENCI\u00d3N<\/strong>2 d\u00edas h\u00e1biles siguientes a la presentaci\u00f3n del aviso.<strong>VIGENCIA DEL TR\u00c1MITE<\/strong>La inscripci\u00f3n termina por:1.&nbsp;&nbsp;&nbsp;&nbsp;&nbsp;&nbsp;&nbsp;&nbsp;Declaraci\u00f3n expresa firmada por el asegurado.2.&nbsp;&nbsp;&nbsp;&nbsp;&nbsp;&nbsp;&nbsp;&nbsp;Que el asegurado deje de pagar las cuotas durante dos meses.3.&nbsp;&nbsp;&nbsp;&nbsp;&nbsp;&nbsp;&nbsp;&nbsp;Que el asegurado sea dado alta o haya reingresado al r\u00e9gimen obligatorio.<strong>DATOS<\/strong><strong>Datos generales del patr\u00f3n o sujeto obligado<\/strong>1.&nbsp;&nbsp;&nbsp;&nbsp;&nbsp;&nbsp;Clave \u00danica de Registro de Poblaci\u00f3n (CURP).2.&nbsp;&nbsp;&nbsp;&nbsp;&nbsp;&nbsp;N\u00famero de Seguridad Social.3.&nbsp;&nbsp;&nbsp;&nbsp;&nbsp;&nbsp;Correo electr\u00f3nico.<strong>DOCUMENTOS<\/strong>1.&nbsp;&nbsp;&nbsp;&nbsp;&nbsp;&nbsp;Identificaci\u00f3n oficial vigente original y copia.2.&nbsp;&nbsp;&nbsp;&nbsp;&nbsp;&nbsp;Escrito libre solicitando la inscripci\u00f3n en la continuaci\u00f3n voluntaria en el r\u00e9gimen obligatorio, con firma aut\u00f3grafa o huella digital. Original y Copia.3.&nbsp;&nbsp;&nbsp;&nbsp;&nbsp;&nbsp;Comprobante de domicilio. Original y Copia.<strong><em><\/em><\/strong><\/td><\/tr><\/tbody><\/table><\/figure>\n\n\n\n<figure class=\"wp-block-table\"><table><tbody><tr><td><strong>NOMBRE DEL TR\u00c1MITE<\/strong>14. Incorporaci\u00f3n Voluntaria al R\u00e9gimen Obligatorio del Seguro Social<\/td><\/tr><\/tbody><\/table><\/figure>\n\n\n\n<figure class=\"wp-block-table\"><table><tbody><tr><td>Patr\u00f3n Persona F\u00edsica con trabajadores asegurados a su servicio<\/td><\/tr><tr><td><strong>PLAZO M\u00c1XIMO DE LA RESOLUCI\u00d3N DEL TR\u00c1MITE<\/strong>1 d\u00eda h\u00e1bil.<strong>PLAZO DE PREVENCI\u00d3N<\/strong>Inmediato.<strong>VIGENCIA DEL TR\u00c1MITE<\/strong>1 a\u00f1o.<strong>DATOS<\/strong><strong>Del Patr\u00f3n Persona F\u00edsica con trabajadores asegurados a su servicio:<\/strong>1.&nbsp;&nbsp;&nbsp;&nbsp;&nbsp;&nbsp;Clave \u00danica de Registro de Poblaci\u00f3n (CURP).2.&nbsp;&nbsp;&nbsp;&nbsp;&nbsp;&nbsp;N\u00famero de Seguridad Social.3.&nbsp;&nbsp;&nbsp;&nbsp;&nbsp;&nbsp;Correo electr\u00f3nico4.&nbsp;&nbsp;&nbsp;&nbsp;&nbsp;&nbsp;En su caso, datos para responder cuestionario m\u00e9dico proporcionado por el IMSS, llenado por el solicitante y por cada familiar a asegurar,&nbsp;cuando aplique, original.<strong>DOCUMENTOS<\/strong><strong>Del Patr\u00f3n Persona F\u00edsica con trabajadores asegurados a su servicio:<\/strong>1.&nbsp;&nbsp;&nbsp;&nbsp;&nbsp;&nbsp;Identificaci\u00f3n oficial vigente. Original y Copia.2.&nbsp;&nbsp;&nbsp;&nbsp;&nbsp;&nbsp;Comprobante de domicilio. Original y Copia.<strong><\/strong><\/td><\/tr><\/tbody><\/table><\/figure>\n\n\n\n<figure class=\"wp-block-table\"><table><tbody><tr><td>Trabajadores no asalariados del \u00e1mbito urbano<\/td><\/tr><tr><td><strong>PLAZO M\u00c1XIMO DE LA RESOLUCI\u00d3N DEL TR\u00c1MITE<\/strong>1 d\u00eda h\u00e1bil.<strong>PLAZO DE PREVENCI\u00d3N<\/strong>Inmediato.<strong>VIGENCIA DEL TR\u00c1MITE<\/strong>1 a\u00f1o.<strong>DATOS<\/strong><strong>Del trabajador no asalariado del \u00e1mbito urbano:<\/strong>1.&nbsp;&nbsp;&nbsp;&nbsp;&nbsp;&nbsp;Clave \u00danica de Registro de Poblaci\u00f3n (CURP).2.&nbsp;&nbsp;&nbsp;&nbsp;&nbsp;&nbsp;N\u00famero de Seguridad Social.3.&nbsp;&nbsp;&nbsp;&nbsp;&nbsp;&nbsp;Correo electr\u00f3nico4.&nbsp;&nbsp;&nbsp;&nbsp;&nbsp;&nbsp;En su caso, datos para responder cuestionario m\u00e9dico proporcionado por el IMSS, llenado por el solicitante y por cada familiar a asegurar,&nbsp;cuando aplique, original.<strong>DOCUMENTOS<\/strong><strong>Del trabajador no asalariado del \u00e1mbito urbano:<\/strong>1.&nbsp;&nbsp;&nbsp;&nbsp;&nbsp;&nbsp;Identificaci\u00f3n oficial vigente. Original y Copia.2.&nbsp;&nbsp;&nbsp;&nbsp;&nbsp;&nbsp;Comprobante de domicilio. Original y Copia.<\/td><\/tr><\/tbody><\/table><\/figure>\n\n\n\n<figure class=\"wp-block-table\"><table><tbody><tr><td>Trabajadores no asalariados del campo<\/td><\/tr><tr><td><strong>PLAZO M\u00c1XIMO DE LA RESOLUCI\u00d3N DEL TR\u00c1MITE<\/strong>1 d\u00eda h\u00e1bil.<strong>PLAZO DE PREVENCI\u00d3N<\/strong>Inmediato.<strong>VIGENCIA DEL TR\u00c1MITE<\/strong>1 a\u00f1o.<strong>DATOS<\/strong><strong>Del trabajador no asalariado del campo<\/strong>1.&nbsp;&nbsp;&nbsp;&nbsp;&nbsp;&nbsp;Clave \u00danica de Registro de Poblaci\u00f3n (CURP).2.&nbsp;&nbsp;&nbsp;&nbsp;&nbsp;&nbsp;N\u00famero de Seguridad Social.3.&nbsp;&nbsp;&nbsp;&nbsp;&nbsp;&nbsp;Correo electr\u00f3nico.4.&nbsp;&nbsp;&nbsp;&nbsp;&nbsp;&nbsp;En su caso, datos para responder cuestionario m\u00e9dico proporcionado por el IMSS, llenado por el solicitante y por cada familiar a asegurar,&nbsp;cuando aplique, original.<strong>DOCUMENTOS<\/strong><strong>Del trabajador no asalariado del campo<\/strong>1.&nbsp;&nbsp;&nbsp;&nbsp;&nbsp;&nbsp;Identificaci\u00f3n oficial vigente. Original y Copia.2.&nbsp;&nbsp;&nbsp;&nbsp;&nbsp;&nbsp;Comprobante de domicilio. Original y Copia.<\/td><\/tr><\/tbody><\/table><\/figure>\n\n\n\n<figure class=\"wp-block-table\"><table><tbody><tr><td><strong>NOMBRE DEL TR\u00c1MITE:<\/strong>15.- Incorporaci\u00f3n al Seguro de Salud para la Familia<\/td><\/tr><tr><td><strong>PLAZO M\u00c1XIMO DE LA RESOLUCI\u00d3N DEL TR\u00c1MITE<\/strong>1 d\u00eda h\u00e1bil.<strong>PLAZO DE PREVENCI\u00d3N<\/strong>Inmediato.<strong>VIGENCIA DEL TR\u00c1MITE<\/strong>1 a\u00f1o.<strong>DATOS<\/strong><strong>Del Solicitante y de sus familiares a asegurar:<\/strong>1.&nbsp;&nbsp;&nbsp;&nbsp;&nbsp;&nbsp;Clave \u00danica de Registro de Poblaci\u00f3n (CURP), por cada integrante del grupo familiar.2.&nbsp;&nbsp;&nbsp;&nbsp;&nbsp;&nbsp;N\u00famero de Seguridad Social, por cada integrante del grupo familiar.3.&nbsp;&nbsp;&nbsp;&nbsp;&nbsp;&nbsp;Correo electr\u00f3nico.4.&nbsp;&nbsp;&nbsp;&nbsp;&nbsp;&nbsp;Responder el cuestionario m\u00e9dico proporcionado por el IMSS, llenado por el solicitante y por cada familiar a asegurar,&nbsp;<strong>cuando aplique<\/strong>.<strong>DOCUMENTOS<\/strong><strong>Del Solicitante y de sus familiares a asegurar:<\/strong>1.&nbsp;&nbsp;&nbsp;&nbsp;&nbsp;&nbsp;Identificaci\u00f3n oficial vigente del titular del grupo familiar, original y copia.2.&nbsp;&nbsp;&nbsp;&nbsp;&nbsp;&nbsp;Comprobante de domicilio del titular del grupo familiar, original y copia.<\/td><\/tr><\/tbody><\/table><\/figure>\n\n\n\n<figure class=\"wp-block-table\"><table><tbody><tr><td><strong>Trat\u00e1ndose de mexicanos que laboran en el extranjero que decidan ser inscritos por alg\u00fan representante, adem\u00e1s:<\/strong>1.&nbsp;&nbsp;&nbsp;&nbsp;&nbsp;&nbsp;&nbsp;&nbsp;Carta poder simple que lo designe como representante, copia y original para su cotejo.2.&nbsp;&nbsp;&nbsp;&nbsp;&nbsp;&nbsp;&nbsp;&nbsp;Identificaci\u00f3n Oficial, copia y original para su cotejo.<\/td><\/tr><\/tbody><\/table><\/figure>\n\n\n\n<p><\/p>\n\n\n\n<p>.<\/p>\n\n\n\n<p>Los formularos aprobados puede encontrarlos en:<\/p>\n\n\n\n<p><a href=\"http:\/\/dof.gob.mx\/nota_detalle.php?codigo=5644470&amp;fecha=03\/03\/2022\">http:\/\/dof.gob.mx\/nota_detalle.php?codigo=5644470&amp;fecha=03\/03\/2022<\/a><\/p>\n\n\n\n<p>.<\/p>\n\n\n\n<p>.<\/p>\n\n\n\n<p>A sus \u00f3rdenes en:<\/p>\n\n\n\n<p>.<\/p>\n\n\n\n<p><a href=\"http:\/\/www.santiagogalvan.com\/\"><strong>santiago<\/strong><strong>galvan<\/strong><\/a><\/p>\n\n\n\n<p><em>Facebook<\/em>:&nbsp;&nbsp;<a href=\"https:\/\/www.facebook.com\/Santiago.Galvan.E\/\">SG&amp;C Defensa e Ingenier\u00eda Fiscal<\/a>&nbsp;&nbsp;<\/p>\n\n\n\n<p><em>Website:<\/em>&nbsp;&nbsp;<a href=\"http:\/\/www.santiagogalvan.com\/\">www.santiagogalvan.com<\/a><\/p>\n\n\n\n<p><em>Twitter<\/em><em>:<\/em>&nbsp;&nbsp;@ogait33<\/p>\n\n\n\n<p><em>E-<\/em><em>mail<\/em><em>:<\/em>&nbsp;<a href=\"mailto:info@santiagogalvan.com\">info@santiagogalvan.com<\/a><\/p>\n\n\n\n<p><em>Linkedin<\/em><em>:&nbsp;<\/em><a href=\"https:\/\/www.linkedin.com\/in\/santiago-galvan-9577882a\/\">Santiago (Oga Itnas) Galvan<\/a><\/p>\n\n\n\n<ul><li><\/li><\/ul>\n\n\n\n<ul><li><a href=\"http:\/\/www.facebook.com\/sharer.php?u=https:\/\/santiagogalvan.com\/index.php\/2022\/03\/02\/1a-resolucion-de-modificaciones-a-las-reglas-de-comercio-exterior\/&amp;[title]=1\u00aa RESOLUCI\u00d3N DE MODIFICACIONES A LAS REGLAS DE COMERCIO EXTERIOR\" target=\"_blank\" rel=\"noreferrer noopener\"><\/a><\/li><\/ul>\n\n\n\n<p>.<\/p>\n\n\n\n<p><\/p>\n","protected":false},"excerpt":{"rendered":"<p>. PUNTOS DEL ACUERDO: Primero.-&nbsp;Aprobar los plazos m\u00e1ximos de resoluci\u00f3n y vigencia, as\u00ed como los datos y los documentos&nbsp;espec\u00edficos que se deben proporcionar o adjuntar a los tr\u00e1mites ante el Instituto Mexicano del Seguro Social,&nbsp;por conducto de la Direcci\u00f3n de Incorporaci\u00f3n y Recaudaci\u00f3n, los cuales se describen en el Anexo \u00danico del&nbsp;presente Acuerdo.&nbsp; Segundo.-&nbsp;Aprobar los [&hellip;]<\/p>\n","protected":false},"author":2,"featured_media":0,"comment_status":"closed","ping_status":"open","sticky":false,"template":"","format":"standard","meta":[],"categories":[6,5],"tags":[],"_links":{"self":[{"href":"https:\/\/santiagogalvan.com\/index.php\/wp-json\/wp\/v2\/posts\/2418"}],"collection":[{"href":"https:\/\/santiagogalvan.com\/index.php\/wp-json\/wp\/v2\/posts"}],"about":[{"href":"https:\/\/santiagogalvan.com\/index.php\/wp-json\/wp\/v2\/types\/post"}],"author":[{"embeddable":true,"href":"https:\/\/santiagogalvan.com\/index.php\/wp-json\/wp\/v2\/users\/2"}],"replies":[{"embeddable":true,"href":"https:\/\/santiagogalvan.com\/index.php\/wp-json\/wp\/v2\/comments?post=2418"}],"version-history":[{"count":5,"href":"https:\/\/santiagogalvan.com\/index.php\/wp-json\/wp\/v2\/posts\/2418\/revisions"}],"predecessor-version":[{"id":2424,"href":"https:\/\/santiagogalvan.com\/index.php\/wp-json\/wp\/v2\/posts\/2418\/revisions\/2424"}],"wp:attachment":[{"href":"https:\/\/santiagogalvan.com\/index.php\/wp-json\/wp\/v2\/media?parent=2418"}],"wp:term":[{"taxonomy":"category","embeddable":true,"href":"https:\/\/santiagogalvan.com\/index.php\/wp-json\/wp\/v2\/categories?post=2418"},{"taxonomy":"post_tag","embeddable":true,"href":"https:\/\/santiagogalvan.com\/index.php\/wp-json\/wp\/v2\/tags?post=2418"}],"curies":[{"name":"wp","href":"https:\/\/api.w.org\/{rel}","templated":true}]}}