{"id":2539,"date":"2023-05-20T11:41:27","date_gmt":"2023-05-20T16:41:27","guid":{"rendered":"https:\/\/santiagogalvan.com\/?p=2539"},"modified":"2023-05-20T11:50:05","modified_gmt":"2023-05-20T16:50:05","slug":"decreto-de-modificacion-al-que-establece-la-ventanilla-digital-mexicana-de-comercio-exterior","status":"publish","type":"post","link":"https:\/\/santiagogalvan.com\/index.php\/2023\/05\/20\/decreto-de-modificacion-al-que-establece-la-ventanilla-digital-mexicana-de-comercio-exterior\/","title":{"rendered":"DECRETO de modificaci\u00f3n al que establece la Ventanilla Digital Mexicana de Comercio Exterior"},"content":{"rendered":"\n<p class=\"has-text-align-center has-large-font-size\"><strong>DECRETO<\/strong><\/p>\n\n\n\n<p class=\"has-text-align-left\"><br>.<\/p>\n\n\n\n<p><strong>ART\u00cdCULO \u00daNICO.<\/strong>&nbsp;Se&nbsp;<strong>reforman<\/strong>&nbsp;los art\u00edculos&nbsp;<strong>segundo<\/strong>, fracciones II, incisos a), b), i) y j), y III;&nbsp;<strong>quinto<\/strong>, fracciones I, II, p\u00e1rrafo segundo, III y IV, y&nbsp;<strong>noveno<\/strong>, p\u00e1rrafo primero, fracciones I, II, III y IV, p\u00e1rrafos segundo, tercero, cuarto y quinto, y se&nbsp;<strong>adicionan<\/strong>&nbsp;a los art\u00edculos&nbsp;<strong>segundo<\/strong>, fracci\u00f3n II, el inciso k), y al&nbsp;<strong>noveno<\/strong>, fracciones I, los incisos a), b) y c), y II, los incisos a), b), c), d), e) y f) del Decreto por el que se establece la Ventanilla Digital Mexicana de Comercio Exterior, publicado en el Diario Oficial de la Federaci\u00f3n el 14 de enero de 2011, para quedar como sigue:<\/p>\n\n\n\n<p>&#8220;<strong>ART\u00cdCULO SEGUNDO.-<\/strong>&#8230;<\/p>\n\n\n\n<p><strong>I.<\/strong>&nbsp;&nbsp;&nbsp;&nbsp;&nbsp;&nbsp;&nbsp;&nbsp;<strong>&#8230;<\/strong><\/p>\n\n\n\n<p><strong>II.<\/strong>&nbsp;&nbsp;&nbsp;&nbsp;&nbsp;&nbsp;&nbsp;<strong>Autoridades competentes en materia de comercio exterior,<\/strong>&nbsp;las dependencias y \u00f3rganos administrativos desconcentrados que tengan a su cargo tr\u00e1mites relacionados con la importaci\u00f3n, exportaci\u00f3n y tr\u00e1nsito de mercanc\u00edas, de manera enunciativa mas no limitativa las siguientes:<\/p>\n\n\n\n<p><strong>a)&nbsp;<\/strong>&nbsp;&nbsp;&nbsp;&nbsp;&nbsp;&nbsp;<strong>ANAM<\/strong>, la Agencia Nacional de Aduanas de M\u00e9xico;<\/p>\n\n\n\n<p><strong>b)<\/strong>&nbsp;&nbsp;&nbsp;&nbsp;&nbsp;&nbsp;&nbsp;<strong>AGRICULTURA<\/strong>, la Secretar\u00eda de Agricultura y Desarrollo Rural;<\/p>\n\n\n\n<p><strong>c)<\/strong>&nbsp;a&nbsp;<strong>h)<\/strong>&nbsp;&#8230;<\/p>\n\n\n\n<p><strong>i)<\/strong>&nbsp;&nbsp;&nbsp;&nbsp;&nbsp;&nbsp;&nbsp;&nbsp;<strong>SEP,<\/strong>&nbsp;la Secretar\u00eda de Educaci\u00f3n P\u00fablica;<\/p>\n\n\n\n<p><strong>j)<\/strong>&nbsp;&nbsp;&nbsp;&nbsp;&nbsp;&nbsp;&nbsp;&nbsp;<strong>SHCP,<\/strong>&nbsp;la Secretar\u00eda de Hacienda y Cr\u00e9dito P\u00fablico, y<\/p>\n\n\n\n<p><strong>k)<\/strong>&nbsp;&nbsp;&nbsp;&nbsp;&nbsp;&nbsp;&nbsp;<strong>STPS<\/strong>, la Secretar\u00eda del Trabajo y Previsi\u00f3n Social.<\/p>\n\n\n\n<p><strong>&#8230;<\/strong><\/p>\n\n\n\n<p><strong>III.<\/strong>&nbsp;&nbsp;&nbsp;&nbsp;&nbsp;&nbsp;<strong>e.firma,<\/strong>&nbsp;la Firma Electr\u00f3nica Avanzada reconocida por el SAT, para uso de los interesados;<\/p>\n\n\n\n<p><strong>IV.<\/strong>&nbsp;y&nbsp;<strong>V.<\/strong>&nbsp;<strong>&#8230;<\/strong><\/p>\n\n\n\n<p>.<\/p>\n\n\n\n<p><strong>ART\u00cdCULO QUINTO.-<\/strong>\u00a0<strong>&#8230;<\/strong><\/p>\n\n\n\n<p><strong>I.<\/strong>&nbsp;&nbsp;&nbsp;&nbsp;&nbsp;&nbsp;&nbsp;&nbsp;Para realizar tr\u00e1mites por conducto de la Ventanilla Digital Mexicana de Comercio Exterior se debe utilizar el Registro Federal de Contribuyentes con estatus de activo de la persona moral o f\u00edsica de que se trate y su certificado de la e.firma vigente y activo, emitido por el SAT o por los prestadores de servicios de certificaci\u00f3n autorizados conforme a lo previsto en el C\u00f3digo Fiscal de la Federaci\u00f3n, as\u00ed como el registro y certificado antes se\u00f1alados que emita el SAT a losrepresentantes legales de las personas morales, en t\u00e9rminos de lo dispuesto en el citado ordenamiento legal;<\/p>\n\n\n\n<p><strong>II.<\/strong>&nbsp;&nbsp;&nbsp;&nbsp;&nbsp;&nbsp;&nbsp;<strong>&#8230;<\/strong><\/p>\n\n\n\n<p>La e.firma respectiva, amparada con un certificado vigente y activo, emitido por el SAT o por los prestadores de servicios de certificaci\u00f3n acreditados en t\u00e9rminos del C\u00f3digo Fiscal de la Federaci\u00f3n, sustituye a la firma aut\u00f3grafa del firmante, lo que garantiza la integridad, no repudio y confidencialidad de la documentaci\u00f3n o informaci\u00f3n presentada y produce los mismos efectos que las leyes otorgan a los documentos con firma aut\u00f3grafa, la cual tiene el mismo valor probatorio;<\/p>\n\n\n\n<p><strong>III.<\/strong>&nbsp;&nbsp;&nbsp;&nbsp;&nbsp;&nbsp;Las autoridades competentes en materia de comercio exterior, deben aceptar los certificados de la e.firma emitidos por el SAT o por los prestadores de servicios de certificaci\u00f3n que est\u00e9n acreditados en los t\u00e9rminos del C\u00f3digo Fiscal de la Federaci\u00f3n, para la gesti\u00f3n de los tr\u00e1mites materia de su competencia, relacionados con las importaciones, exportaciones y tr\u00e1nsito de mercanc\u00edas de comercio exterior, incluso las regulaciones y restricciones no arancelarias a su cargo, por lo que se aplica en lo conducente las disposiciones que regulan la e.firma, y<\/p>\n\n\n\n<p><strong>IV.<\/strong>&nbsp;&nbsp;&nbsp;&nbsp;&nbsp;&nbsp;En la emisi\u00f3n de los actos administrativos y su notificaci\u00f3n, relacionados con la importaci\u00f3n, exportaci\u00f3n y tr\u00e1nsito de mercanc\u00edas de comercio exterior, se debe utilizar la Ventanilla Digital Mexicana de Comercio Exterior, mediante el uso de la e.firma que corresponda a los servidores p\u00fablicos, por lo que se aplica en lo conducente las disposiciones que regulan la e.firma.<\/p>\n\n\n\n<p>.<\/p>\n\n\n\n<p><strong>ART\u00cdCULO NOVENO.-<\/strong>\u00a0La comisi\u00f3n intersecretarial est\u00e1 integrada de la siguiente forma:<\/p>\n\n\n\n<p><strong>I.<\/strong>&nbsp;&nbsp;&nbsp;&nbsp;&nbsp;&nbsp;&nbsp;&nbsp;Por parte de la SE, las personas titulares de:<\/p>\n\n\n\n<p><strong>a)&nbsp;<\/strong>&nbsp;&nbsp;&nbsp;&nbsp;&nbsp;&nbsp;La Subsecretar\u00eda de Industria y Comercio, quien la presidir\u00e1;<\/p>\n\n\n\n<p><strong>b)<\/strong>&nbsp;&nbsp;&nbsp;&nbsp;&nbsp;&nbsp;&nbsp;La Direcci\u00f3n General de Facilitaci\u00f3n Comercial y de Comercio Exterior, y<\/p>\n\n\n\n<p><strong>c)<\/strong>&nbsp;&nbsp;&nbsp;&nbsp;&nbsp;&nbsp;&nbsp;Una persona servidora p\u00fablica designada por la persona titular de la citada secretar\u00eda.<\/p>\n\n\n\n<p><strong>II.<\/strong>&nbsp;&nbsp;&nbsp;&nbsp;&nbsp;&nbsp;&nbsp;Por parte de la SHCP, las personas titulares de:<\/p>\n\n\n\n<p><strong>a)<\/strong>&nbsp;&nbsp;&nbsp;&nbsp;&nbsp;&nbsp;&nbsp;La Jefatura del SAT;<\/p>\n\n\n\n<p><strong>b)<\/strong>&nbsp;&nbsp;&nbsp;&nbsp;&nbsp;&nbsp;&nbsp;La Administraci\u00f3n General de Planeaci\u00f3n del SAT;<\/p>\n\n\n\n<p><strong>c)<\/strong>&nbsp;&nbsp;&nbsp;&nbsp;&nbsp;&nbsp;&nbsp;La Administraci\u00f3n General de Comunicaciones y Tecnolog\u00edas de la Informaci\u00f3n del SAT;<\/p>\n\n\n\n<p><strong>d)<\/strong>&nbsp;&nbsp;&nbsp;&nbsp;&nbsp;&nbsp;&nbsp;La ANAM;<\/p>\n\n\n\n<p><strong>e)<\/strong>&nbsp;&nbsp;&nbsp;&nbsp;&nbsp;&nbsp;&nbsp;La Direcci\u00f3n General de Modernizaci\u00f3n, Equipamiento e Infraestructura Aduanera y\/o la Direcci\u00f3n General de Tecnolog\u00edas de la Informaci\u00f3n de la ANAM, y<\/p>\n\n\n\n<p><strong>f)<\/strong>&nbsp;&nbsp;&nbsp;&nbsp;&nbsp;&nbsp;&nbsp;&nbsp;Una persona servidora p\u00fablica con nivel m\u00ednimo de direcci\u00f3n general o su equivalente, designada por la persona titular de la citada secretar\u00eda.<\/p>\n\n\n\n<p><strong>III.<\/strong>&nbsp;&nbsp;&nbsp;&nbsp;&nbsp;&nbsp;Por la SFP, una persona servidora p\u00fablica con nivel m\u00ednimo de titular de unidad, designado por la<\/p>\n\n\n\n<p>persona titular de dicha dependencia, y<\/p>\n\n\n\n<p><strong>IV.<\/strong>&nbsp;&nbsp;&nbsp;&nbsp;&nbsp;&nbsp;Por AGRICULTURA, SALUD, SEDENA, SEMARNAT, SENER, SEP, STPS, o cualquier otra autoridad competente en materia de comercio exterior no mencionada en las fracciones anteriores que al efecto determine la propia Comisi\u00f3n, una persona servidora p\u00fablica con nivel m\u00ednimo de direcci\u00f3n general o su equivalente, designada por los titulares de dichas dependencias.<\/p>\n\n\n\n<p>Las personas integrantes de la comisi\u00f3n intersecretarial podr\u00e1n ser suplidas en sus ausencias por una persona servidora p\u00fablica que tenga, al menos, el nivel inmediato inferior.<\/p>\n\n\n\n<p>Todas las personas integrantes de la comisi\u00f3n intersecretarial contar\u00e1n con voz. Las decisiones se adoptar\u00e1n por mayor\u00eda de votos de las dependencias representantes en la Comisi\u00f3n, por lo que corresponde un voto a cada una de ellas. En caso de empate la SE tendr\u00e1 voto de calidad.<\/p>\n\n\n\n<p>La persona que preside la comisi\u00f3n intersecretarial debe designar de entre sus integrantes a la persona que fungir\u00e1 como secretaria t\u00e9cnica.<\/p>\n\n\n\n<p>La comisi\u00f3n intersecretarial sesionar\u00e1 de manera ordinaria cada tres meses y en forma extraordinaria cuando sea convocada por la persona que la preside.&#8221;<\/p>\n\n\n\n<p>.<\/p>\n\n\n\n<p class=\"has-text-align-center\"><strong>TRANSITORIOS<\/strong><\/p>\n\n\n\n<p>.<\/p>\n\n\n\n<p><strong>Primero.\u00a0<\/strong>El presente decreto entra en vigor el d\u00eda de su publicaci\u00f3n en el Diario Oficial de la Federaci\u00f3n.<\/p>\n\n\n\n<p>.<\/p>\n\n\n\n<p><strong>Segundo.<\/strong>\u00a0Las erogaciones que, en su caso, se generen con motivo de la entrada en vigor del presente decreto, deben ser cubiertas con cargo al presupuesto aprobado para los ejecutores de gasto en el Presupuesto de Egresos de la Federaci\u00f3n correspondiente, por lo que no se incrementar\u00e1 su presupuesto y no se autorizar\u00e1n recursos adicionales para el presente ejercicio fiscal y para los subsecuentes.<\/p>\n\n\n\n<p class=\"has-text-align-center\">.<\/p>\n\n\n\n<p class=\"has-text-align-left\"><\/p>\n\n\n\n<p class=\"has-text-align-left\">.<\/p>\n\n\n\n<p>.<\/p>\n\n\n\n<p>A sus \u00f3rdenes en:<\/p>\n\n\n\n<p>.<\/p>\n\n\n\n<p><strong><a href=\"http:\/\/www.santiagogalvan.com\/\">santiagogalvan<\/a><\/strong><\/p>\n\n\n\n<p><em>Facebook<\/em>:&nbsp;&nbsp;<a href=\"https:\/\/www.facebook.com\/Santiago.Galvan.E\/\">SG&amp;C Defensa e Ingenier\u00eda Fiscal<\/a>&nbsp;&nbsp;<\/p>\n\n\n\n<p><em>Twitter<\/em><em>:<\/em>&nbsp;&nbsp;@ogait33<\/p>\n\n\n\n<p><em>E-mail:<\/em>&nbsp;<a href=\"mailto:info@santiagogalvan.com\">info@santiagogalvan.com<\/a><\/p>\n\n\n\n<p><em>Linkedin:\u00a0<\/em><a href=\"https:\/\/www.linkedin.com\/in\/santiago-galvan-9577882a\/\">Santiago (Oga Itnas) Galvan<\/a><\/p>\n\n\n\n<p>.<\/p>\n\n\n\n<p class=\"has-text-align-center has-luminous-vivid-amber-background-color has-background\">Para suscribirse al&nbsp;<strong>Bolet\u00edn Fiscal<\/strong>&nbsp;<strong>SG&amp;C<\/strong>,<\/p>\n\n\n\n<p class=\"has-text-align-center\"><strong>Mande un WhatsApp al 444 204 4204 con la palabra<\/strong>: <strong> \u201csuscribe\u201d<\/strong><\/p>\n","protected":false},"excerpt":{"rendered":"<p>DECRETO . ART\u00cdCULO \u00daNICO.&nbsp;Se&nbsp;reforman&nbsp;los art\u00edculos&nbsp;segundo, fracciones II, incisos a), b), i) y j), y III;&nbsp;quinto, fracciones I, II, p\u00e1rrafo segundo, III y IV, y&nbsp;noveno, p\u00e1rrafo primero, fracciones I, II, III y IV, p\u00e1rrafos segundo, tercero, cuarto y quinto, y se&nbsp;adicionan&nbsp;a los art\u00edculos&nbsp;segundo, fracci\u00f3n II, el inciso k), y al&nbsp;noveno, fracciones I, los incisos a), b) [&hellip;]<\/p>\n","protected":false},"author":2,"featured_media":0,"comment_status":"closed","ping_status":"open","sticky":false,"template":"","format":"standard","meta":[],"categories":[8,5],"tags":[],"_links":{"self":[{"href":"https:\/\/santiagogalvan.com\/index.php\/wp-json\/wp\/v2\/posts\/2539"}],"collection":[{"href":"https:\/\/santiagogalvan.com\/index.php\/wp-json\/wp\/v2\/posts"}],"about":[{"href":"https:\/\/santiagogalvan.com\/index.php\/wp-json\/wp\/v2\/types\/post"}],"author":[{"embeddable":true,"href":"https:\/\/santiagogalvan.com\/index.php\/wp-json\/wp\/v2\/users\/2"}],"replies":[{"embeddable":true,"href":"https:\/\/santiagogalvan.com\/index.php\/wp-json\/wp\/v2\/comments?post=2539"}],"version-history":[{"count":2,"href":"https:\/\/santiagogalvan.com\/index.php\/wp-json\/wp\/v2\/posts\/2539\/revisions"}],"predecessor-version":[{"id":2542,"href":"https:\/\/santiagogalvan.com\/index.php\/wp-json\/wp\/v2\/posts\/2539\/revisions\/2542"}],"wp:attachment":[{"href":"https:\/\/santiagogalvan.com\/index.php\/wp-json\/wp\/v2\/media?parent=2539"}],"wp:term":[{"taxonomy":"category","embeddable":true,"href":"https:\/\/santiagogalvan.com\/index.php\/wp-json\/wp\/v2\/categories?post=2539"},{"taxonomy":"post_tag","embeddable":true,"href":"https:\/\/santiagogalvan.com\/index.php\/wp-json\/wp\/v2\/tags?post=2539"}],"curies":[{"name":"wp","href":"https:\/\/api.w.org\/{rel}","templated":true}]}}