{"id":2576,"date":"2023-07-01T13:25:08","date_gmt":"2023-07-01T18:25:08","guid":{"rendered":"https:\/\/santiagogalvan.com\/?p=2576"},"modified":"2023-07-01T13:28:04","modified_gmt":"2023-07-01T18:28:04","slug":"quinta-resolucion-de-modificaciones-a-la-resolucion-miscelanea-fiscal-para-2023","status":"publish","type":"post","link":"https:\/\/santiagogalvan.com\/index.php\/2023\/07\/01\/quinta-resolucion-de-modificaciones-a-la-resolucion-miscelanea-fiscal-para-2023\/","title":{"rendered":"RESICO:  QUINTA RESOLUCION DE MODIFICACIONES A LA RESOLUCI\u00d3N MISCEL\u00c1NEA FISCAL PARA 2023"},"content":{"rendered":"\n<p>El SAT revela la <strong>SEGUNDA VERSI\u00d3N ANTICIPADA<\/strong> de la Quinta Resoluci\u00f3n de Modificaciones a la Resoluci\u00f3n Miscel\u00e1nea Fiscal para 2023<\/p>\n\n\n\n<p>.<\/p>\n\n\n\n<p>.<\/p>\n\n\n\n<p>En dicha version anticipada se abordan temas relativos a:<\/p>\n\n\n\n<ol><li>pago de los derechos por la utilidad compartida y de extracci\u00f3n de hidrocarburos<strong>\u00a0<\/strong>Hidrocarburos<\/li><li><strong>RESICO<\/strong> para personas f\u00edsicas<\/li><\/ol>\n\n\n\n<p>.<\/p>\n\n\n\n<p>El plazo que venc\u00eda el 30 de junio, ayer, se amplia hasta el pr\u00f3ximo 2 de octubre de 2023, as\u00ed, las personas f\u00edsicas con ingresos por actividad empresarial o profesional, pueden tributar como RESICO (r\u00e9gimen simplificado de confianza) y pagar una tasa m\u00e1xima del 2.5% de ISR sobre lo que cobren, siempre que no rebasen los 3.5 millones de pesos de ingresos al a\u00f1o.&nbsp;&nbsp;<\/p>\n\n\n\n<p>El SAT informa que se ampl\u00eda dicho plazo para:<\/p>\n\n\n\n<p>&nbsp;&#8211; Contar con e.firma activa<\/p>\n\n\n\n<p>&#8211; Tener activo el Buz\u00f3n Tributario<\/p>\n\n\n\n<p>&#8211; Emitir facturas electr\u00f3nicas con las aplicaciones \u201cFactura f\u00e1cil\u201d y \u201cMi n\u00f3mina\u201d de \u201cMis cuentas\u201d a\u00fan sin contar con un CSD<\/p>\n\n\n\n<p>.<\/p>\n\n\n\n<p>Recuerde que cuando los contribuyentes incumplan con la presentaci\u00f3n de la declaraci\u00f3n anual a m\u00e1s tardar el 2 de octubre del 2023, la autoridad fiscal actualizar\u00e1 las obligaciones fiscales de los contribuyentes para que tributen desde el inicio del ejercicio que corresponda o desde el mes en que iniciaron operaciones en dicho ejercicio, conforme a lo dispuesto en el Cap\u00edtulo II, Secci\u00f3n I, o Cap\u00edtulo III del T\u00edtulo IV de la Ley del ISR respectivamente.<\/p>\n\n\n\n<p>.<\/p>\n\n\n\n<p><\/p>\n\n\n\n<p>Puede conocer el texto completo de la modificaci\u00f3n en:<\/p>\n\n\n\n<div class=\"wp-block-file\"><a href=\"https:\/\/santiagogalvan.com\/wp-content\/uploads\/2023\/07\/2a-Version-anticipada-de-Quinta-Resolucion-Modificaciones-Miscelanea-Fiscal-2023.pdf\" target=\"_blank\" rel=\"noreferrer noopener\"><strong><span class=\"has-inline-color has-vivid-red-color\">2a-Version-anticipada-de-Quinta-Resolucion-Modificaciones-Miscelanea-Fiscal-2023<\/span><\/strong><\/a><a href=\"https:\/\/santiagogalvan.com\/wp-content\/uploads\/2023\/07\/2a-Version-anticipada-de-Quinta-Resolucion-Modificaciones-Miscelanea-Fiscal-2023.pdf\" class=\"wp-block-file__button\" download>Descarga<\/a><\/div>\n\n\n\n<p>.<\/p>\n\n\n\n<p>.<\/p>\n\n\n\n<p>Ver comunicado oficial en gob.mx <\/p>\n\n\n\n<p>https:\/\/www.gob.mx\/sat\/prensa\/sat-amplia-periodo-para-regularizar-resico-de-personas-fisicas-028-2023<\/p>\n\n\n\n<p>.<\/p>\n\n\n\n<p>.<\/p>\n\n\n\n<p>A sus \u00f3rdenes en:<\/p>\n\n\n\n<p>.<\/p>\n\n\n\n<p><strong><a href=\"http:\/\/www.santiagogalvan.com\/\">santiagogalvan<\/a><\/strong><\/p>\n\n\n\n<p><em>Facebook<\/em>:&nbsp;&nbsp;<a href=\"https:\/\/www.facebook.com\/Santiago.Galvan.E\/\">SG&amp;C Defensa e Ingenier\u00eda Fiscal<\/a>&nbsp;&nbsp;<\/p>\n\n\n\n<p><em>Twitter<\/em><em>:<\/em>&nbsp;&nbsp;@ogait33<\/p>\n\n\n\n<p><em>E-mail:<\/em>&nbsp;<a href=\"mailto:info@santiagogalvan.com\">info@santiagogalvan.com<\/a><\/p>\n\n\n\n<p><em>Linkedin:&nbsp;<\/em><a href=\"https:\/\/www.linkedin.com\/in\/santiago-galvan-9577882a\/\">Santiago (Oga Itnas) Galvan<\/a><\/p>\n\n\n\n<p>.<\/p>\n\n\n\n<p>.<\/p>\n\n\n\n<p><\/p>\n\n\n\n<p>Para suscribirse al&nbsp;<strong>Bolet\u00edn Fiscal<\/strong>&nbsp;<strong>SG&amp;C<\/strong>,<\/p>\n\n\n\n<p>A sus \u00f3rdenes en:<\/p>\n\n\n\n<p>.<\/p>\n\n\n\n<p><strong><a href=\"http:\/\/www.santiagogalvan.com\/\">santiagogalvan<\/a><\/strong><\/p>\n\n\n\n<p><em>Facebook<\/em>:&nbsp;&nbsp;<a href=\"https:\/\/www.facebook.com\/Santiago.Galvan.E\/\">SG&amp;C Defensa e Ingenier\u00eda Fiscal<\/a>&nbsp;&nbsp;<\/p>\n\n\n\n<p><em>Twitter<\/em><em>:<\/em>&nbsp;&nbsp;@ogait33<\/p>\n\n\n\n<p><em>E-mail:<\/em>&nbsp;<a href=\"mailto:info@santiagogalvan.com\">info@santiagogalvan.com<\/a><\/p>\n\n\n\n<p><em>Linkedin:&nbsp;<\/em><a href=\"https:\/\/www.linkedin.com\/in\/santiago-galvan-9577882a\/\">Santiago (Oga Itnas) Galvan<\/a><\/p>\n\n\n\n<p>.<\/p>\n\n\n\n<p>Para suscribirse al&nbsp;<strong>Bolet\u00edn Fiscal<\/strong>&nbsp;<strong>SG&amp;C<\/strong>,<\/p>\n\n\n\n<p class=\"has-luminous-vivid-amber-background-color has-background\"><strong>Mande un WhatsApp al 444 204 4204 con la palabra<\/strong>:&nbsp;<strong>\u201csuscribe\u201d<\/strong><\/p>\n","protected":false},"excerpt":{"rendered":"<p>El SAT revela la SEGUNDA VERSI\u00d3N ANTICIPADA de la Quinta Resoluci\u00f3n de Modificaciones a la Resoluci\u00f3n Miscel\u00e1nea Fiscal para 2023 . . En dicha version anticipada se abordan temas relativos a: pago de los derechos por la utilidad compartida y de extracci\u00f3n de hidrocarburos\u00a0Hidrocarburos RESICO para personas f\u00edsicas . El plazo que venc\u00eda el 30 [&hellip;]<\/p>\n","protected":false},"author":2,"featured_media":0,"comment_status":"closed","ping_status":"open","sticky":false,"template":"","format":"standard","meta":[],"categories":[6,5],"tags":[],"_links":{"self":[{"href":"https:\/\/santiagogalvan.com\/index.php\/wp-json\/wp\/v2\/posts\/2576"}],"collection":[{"href":"https:\/\/santiagogalvan.com\/index.php\/wp-json\/wp\/v2\/posts"}],"about":[{"href":"https:\/\/santiagogalvan.com\/index.php\/wp-json\/wp\/v2\/types\/post"}],"author":[{"embeddable":true,"href":"https:\/\/santiagogalvan.com\/index.php\/wp-json\/wp\/v2\/users\/2"}],"replies":[{"embeddable":true,"href":"https:\/\/santiagogalvan.com\/index.php\/wp-json\/wp\/v2\/comments?post=2576"}],"version-history":[{"count":4,"href":"https:\/\/santiagogalvan.com\/index.php\/wp-json\/wp\/v2\/posts\/2576\/revisions"}],"predecessor-version":[{"id":2581,"href":"https:\/\/santiagogalvan.com\/index.php\/wp-json\/wp\/v2\/posts\/2576\/revisions\/2581"}],"wp:attachment":[{"href":"https:\/\/santiagogalvan.com\/index.php\/wp-json\/wp\/v2\/media?parent=2576"}],"wp:term":[{"taxonomy":"category","embeddable":true,"href":"https:\/\/santiagogalvan.com\/index.php\/wp-json\/wp\/v2\/categories?post=2576"},{"taxonomy":"post_tag","embeddable":true,"href":"https:\/\/santiagogalvan.com\/index.php\/wp-json\/wp\/v2\/tags?post=2576"}],"curies":[{"name":"wp","href":"https:\/\/api.w.org\/{rel}","templated":true}]}}