{"id":2630,"date":"2023-10-20T13:44:15","date_gmt":"2023-10-20T18:44:15","guid":{"rendered":"https:\/\/santiagogalvan.com\/?p=2630"},"modified":"2023-10-20T14:03:15","modified_gmt":"2023-10-20T19:03:15","slug":"decreto-por-el-que-se-reforman-diversas-disposiciones-de-la-ley-general-de-sociedades-mercantiles","status":"publish","type":"post","link":"https:\/\/santiagogalvan.com\/index.php\/2023\/10\/20\/decreto-por-el-que-se-reforman-diversas-disposiciones-de-la-ley-general-de-sociedades-mercantiles\/","title":{"rendered":"Decreto por el que se reforman diversas disposiciones de la Ley General de Sociedades Mercantiles"},"content":{"rendered":"\n<p class=\"has-large-font-size\"><strong>Llega la tecnolog\u00eda a la LGSM<\/strong><\/p>\n\n\n\n<p>.<\/p>\n\n\n\n<p>.<\/p>\n\n\n\n<p>A partir del d\u00eda de ma\u00f1ana, entra en vigor el siguiente Decreto cuyo contenido se transcribe \u00edntegro como se publica en el DOF del d\u00eda de hoy 20 de octubre de 2023, mismo  que modifica la Ley General de Sociedades Mercantiles en las siguientes materias:<\/p>\n\n\n\n<p>.<\/p>\n\n\n\n<p><\/p>\n\n\n\n<ol><li>Requisitos de las actas constitutivas en materia de disoluci\u00f3n y liquidaci\u00f3n<\/li><li>Posibilidad de celebraci\u00f3n de asambleas no presenciales (uso de tecnolog\u00edas) y fuera del domicilio social<\/li><li>Resoluciones de gerentes por medios electr\u00f3nicos<\/li><li>Publicaciones de convocatorias electr\u00f3nicas y firmas electr\u00f3nicas<\/li><li>Sesiones de Consejo de Administraci\u00f3n virtuales<\/li><\/ol>\n\n\n\n<p>Hay gradualidad para la entrada de algunas disposiciones (S. de R.L.) y posibilidad de incorporar a las sociedades existentes las modificaciones estatutarias necesarias<\/p>\n\n\n\n<p>.<\/p>\n\n\n\n<p><\/p>\n\n\n\n<p class=\"has-black-color has-luminous-vivid-amber-background-color has-text-color has-background has-medium-font-size\"><strong>Estamos a su disposici\u00f3n para realizar las adecuaciones societarias tendientes a implementar \u00e9sta reforma,  de tal manera que eficientice la vida corporativa de las empresa.\u00a0<\/strong><\/p>\n\n\n\n<p>.<\/p>\n\n\n\n<p>.<\/p>\n\n\n\n<p>A continuaci\u00f3n se transcribe el mencionado Decreto \u00edntegramente:<\/p>\n\n\n\n<p>.<\/p>\n\n\n\n<p><\/p>\n\n\n\n<p><\/p>\n\n\n\n<p class=\"has-text-align-center has-large-font-size\"><strong>DECRETO<\/strong><\/p>\n\n\n\n<p class=\"has-text-align-center\"><strong>&#8220;<\/strong>EL CONGRESO GENERAL DE LOS ESTADOS UNIDOS MEXICANOS, DECRETA:<\/p>\n\n\n\n<p class=\"has-text-align-center has-medium-font-size\"><strong>SE REFORMAN DIVERSAS DISPOSICIONES DE LA LEY GENERAL DE SOCIEDADES MERCANTILES.<\/strong><\/p>\n\n\n\n<p>.<\/p>\n\n\n\n<p><\/p>\n\n\n\n<p><strong>Art\u00edculo<\/strong>&nbsp;<strong>\u00danico.-&nbsp;<\/strong>Se reforman los art\u00edculos 81, segundo p\u00e1rrafo; 186 y 194, primer p\u00e1rrafo; y se adicionan una fracci\u00f3n XIV al art\u00edculo 6o.; un p\u00e1rrafo segundo al art\u00edculo 75; los p\u00e1rrafos segundo y tercero al art\u00edculo 80; un p\u00e1rrafo tercero al art\u00edculo 82; un p\u00e1rrafo quinto al art\u00edculo 143; un tercer p\u00e1rrafo al art\u00edculo 178; los p\u00e1rrafos segundo, tercero y cuarto al art\u00edculo 179, de Ley General de Sociedades Mercantiles, para quedar como sigue:<\/p>\n\n\n\n<p><\/p>\n\n\n\n<p>.<\/p>\n\n\n\n<p><\/p>\n\n\n\n<p><strong>Art\u00edculo 6o.- &#8230;<\/strong><\/p>\n\n\n\n<p><strong>I.-&nbsp;<\/strong>a&nbsp;<strong>XI.- &#8230;<\/strong><\/p>\n\n\n\n<p><strong>XII.-&nbsp;<\/strong>Los casos en que la sociedad haya de disolverse anticipadamente;<\/p>\n\n\n\n<p><strong>XIII.-<\/strong>&nbsp;Las bases para practicar la liquidaci\u00f3n de la sociedad y el modo de proceder a la elecci\u00f3n de los liquidadores, cuando no hayan sido designados anticipadamente, y<\/p>\n\n\n\n<p><strong>XIV.-<\/strong>&nbsp;Las reglas para la celebraci\u00f3n de las Asambleas de Socios y de los \u00f3rganos de administraci\u00f3n, siendo que los estatutos podr\u00e1n contemplar que unas y otras podr\u00e1n celebrarse de forma presencial o mediante el uso de medios electr\u00f3nicos, \u00f3pticos o de cualquier otra tecnolog\u00eda, que permitan la participaci\u00f3n de la totalidad o una parte de los asistentes por dichos medios en la asamblea o junta de que se trate, siempre y cuando la participaci\u00f3n sea simult\u00e1nea y se permita la interacci\u00f3n en las deliberaciones de una forma funcionalmente equivalente a la reuni\u00f3n presencial. En todo caso, sean presenciales o mediante el uso de medios electr\u00f3nicos, \u00f3pticos o de cualquier otra tecnolog\u00eda, en todas las Asambleas de Socios y de los \u00f3rganos de administraci\u00f3n se deber\u00e1 contar con mecanismos o medidas que permitan el acceso, la acreditaci\u00f3n de la identidad de los asistentes, as\u00ed como, en su caso, del sentido de su voto, y se genere la evidencia correspondiente.<\/p>\n\n\n\n<p><strong>&#8230;<\/strong><\/p>\n\n\n\n<p><strong>Art\u00edculo 75.- &#8230;<\/strong><\/p>\n\n\n\n<p>Las resoluciones de los gerentes podr\u00e1n tomarse mediante el uso de medios electr\u00f3nicos, \u00f3pticos o de cualquier otra tecnolog\u00eda si as\u00ed lo establecen los estatutos sociales.&nbsp;<\/p>\n\n\n\n<p><strong>Art\u00edculo 80.- &#8230;<\/strong><\/p>\n\n\n\n<p>No se entender\u00e1 que una asamblea se realiza fuera del domicilio social por el s\u00f3lo hecho de utilizarse medios electr\u00f3nicos, \u00f3pticos o de cualquier otra tecnolog\u00eda.<\/p>\n\n\n\n<p>Adicionalmente, los socios podr\u00e1n celebrar asambleas fuera del domicilio social, siempre y cuando la totalidad de los socios lo aprueben y adicionalmente exista la posibilidad de utilizar medios electr\u00f3nicos, \u00f3pticos o de cualquier otra tecnolog\u00eda. Para dichas asambleas, en este caso, se deber\u00e1 se\u00f1alar en el acta de asamblea, el domicilio en el cual se llev\u00f3 a cabo la asamblea respectiva.<\/p>\n\n\n\n<p><strong>Art\u00edculo 81.- &#8230;<\/strong><\/p>\n\n\n\n<p>Las convocatorias se har\u00e1n por medio de la publicaci\u00f3n de un aviso en el sistema electr\u00f3nico establecido por la Secretar\u00eda de Econom\u00eda conforme a lo dispuesto en el art\u00edculo 50 Bis del C\u00f3digo de Comercio, deber\u00e1n contener la orden del d\u00eda y estar firmadas por quien las realiza y se publicar\u00e1n con la anticipaci\u00f3n que fijen los estatutos o en su defecto, con ocho d\u00edas de anticipaci\u00f3n a la celebraci\u00f3n de la asamblea.<\/p>\n\n\n\n<p><strong>Art\u00edculo 82.- &#8230;<\/strong><\/p>\n\n\n\n<p><strong>&#8230;<\/strong><\/p>\n\n\n\n<p>Si as\u00ed lo establecen los estatutos, las asambleas se podr\u00e1n llevar a cabo mediante el uso de medios electr\u00f3nicos, \u00f3pticos o de cualquier otra tecnolog\u00eda a fin de que la totalidad de los participantes en la asamblea o una parte de ellos pueda asistir.<\/p>\n\n\n\n<p><strong>Art\u00edculo 143.- &#8230;<\/strong><\/p>\n\n\n\n<p><strong>&#8230;<\/strong><\/p>\n\n\n\n<p><strong>&#8230;<\/strong><\/p>\n\n\n\n<p><strong>&#8230;<\/strong><\/p>\n\n\n\n<p>Asimismo, en los estatutos se podr\u00e1 prever que las sesiones del consejo de administraci\u00f3n se puedan llevar a cabo mediante el uso de medios electr\u00f3nicos, \u00f3pticos o de cualquier otra tecnolog\u00eda, tal y como si se tratara de sesiones del Consejo presenciales, pudiendo darse la participaci\u00f3n de parte o todos los asistentes presencialmente o por medios electr\u00f3nicos, \u00f3pticos o de cualquier otra tecnolog\u00eda teniendo la misma validez unas y otras.<\/p>\n\n\n\n<p><strong>Art\u00edculo 178.- &#8230;<\/strong><\/p>\n\n\n\n<p><strong>&#8230;<\/strong><\/p>\n\n\n\n<p>Asimismo, en los estatutos se podr\u00e1 prever asimismo que las asambleas de accionistas se puedan llevar a cabo mediante el uso de medios electr\u00f3nicos, \u00f3pticos o de cualquier otra tecnolog\u00eda, tal y como si se tratara de asambleas de accionistas presenciales, pudiendo darse la participaci\u00f3n de parte o todos los asistentes presencialmente o por medios electr\u00f3nicos, \u00f3pticos o de cualquier otra tecnolog\u00eda teniendo la misma validez unas y otras.<\/p>\n\n\n\n<p><strong>Art\u00edculo 179.- &#8230;<\/strong><\/p>\n\n\n\n<p>No se entender\u00e1 que una Asamblea de Accionistas se realiza fuera del domicilio social por el s\u00f3lo hecho de utilizarse medios electr\u00f3nicos, \u00f3pticos o de cualquier otra tecnolog\u00eda.<\/p>\n\n\n\n<p>Asimismo, sin necesidad de existir caso fortuito o fuerza mayor, los accionistas podr\u00e1n celebrar asambleas fuera del domicilio social, siempre y cuando la totalidad de los accionistas lo aprueben y adicionalmente exista la posibilidad de utilizar medios electr\u00f3nicos, \u00f3pticos o de cualquier otra tecnolog\u00eda para dichas asambleas, en este caso, se deber\u00e1 se\u00f1alar en el acta de asamblea, el domicilio en el cual se llev\u00f3 a cabo la asamblea respectiva.<\/p>\n\n\n\n<p><strong>Art\u00edculo 186.-&nbsp;<\/strong>La convocatoria para las asambleas generales deber\u00e1 hacerse por medio de la publicaci\u00f3n de un aviso en el sistema electr\u00f3nico establecido por la Secretar\u00eda de Econom\u00eda con la anticipaci\u00f3n que fijen los estatutos, o en su defecto, quince d\u00edas antes de la fecha se\u00f1alada para la reuni\u00f3n. Durante todo este tiempo estar\u00e1 a disposici\u00f3n de los accionistas, en las oficinas de la sociedad, o en su defecto, en el medio electr\u00f3nico, \u00f3ptico o de cualquier otra tecnolog\u00eda que se determine para tal efecto en los estatutos de la sociedad, el informe a que se refiere el enunciado general del art\u00edculo 172.<\/p>\n\n\n\n<p><strong>Art\u00edculo 194.-&nbsp;<\/strong>Las actas de las Asambleas Generales de Accionistas se asentar\u00e1n en el libro respectivo y deber\u00e1n ser firmadas ya sea con firma aut\u00f3grafa o electr\u00f3nica, por el Presidente y por el Secretario de la Asamblea, as\u00ed como por los Comisarios que concurran. Se agregar\u00e1n a las actas los documentos que justifiquen que las convocatorias se hicieron en los t\u00e9rminos que esta Ley establece.<\/p>\n\n\n\n<p><strong>&#8230;<\/strong><\/p>\n\n\n\n<p><strong>&#8230;<\/strong><\/p>\n\n\n\n<p class=\"has-text-align-center\">.<\/p>\n\n\n\n<p class=\"has-text-align-center\">.<\/p>\n\n\n\n<p class=\"has-text-align-center\"><strong>Transitorios<\/strong><\/p>\n\n\n\n<p><strong>Primero.-&nbsp;<\/strong>El presente Decreto entrar\u00e1 en vigor el d\u00eda siguiente al de su publicaci\u00f3n en el Diario Oficial de la Federaci\u00f3n.<\/p>\n\n\n\n<p>.<\/p>\n\n\n\n<p><\/p>\n\n\n\n<p><strong>Segundo.-&nbsp;<\/strong>Las personas morales constituidas con anterioridad a la entrada en vigor de este Decreto podr\u00e1n incorporar a sus estatutos las disposiciones reformadas mediante el presente Decreto.<\/p>\n\n\n\n<p>.<\/p>\n\n\n\n<p><\/p>\n\n\n\n<p><strong>Tercero.-&nbsp;<\/strong>Las reformas al segundo p\u00e1rrafo del art\u00edculo 81 entrar\u00e1n en vigor en un plazo de seis meses contados a partir de su publicaci\u00f3n en el Diario Oficial de la Federaci\u00f3n..<\/p>\n\n\n\n<p>.<\/p>\n\n\n\n<p><strong>Cuarto.-&nbsp;<\/strong>Las sociedades constituidas antes de la reforma referida en el art\u00edculo tercero transitorio, deber\u00e1n sujetarse a dicha disposici\u00f3n publicando las convocatorias en el sistema electr\u00f3nico establecido por la Secretar\u00eda de Econom\u00eda conforme a lo dispuesto en el art\u00edculo 50 Bis del C\u00f3digo de Comercio con los requisitos establecidos en dicha reforma, independientemente de que sus estatutos contemplen que se realizar\u00e1n por otro medio.<\/p>\n\n\n\n<p>.<\/p>\n\n\n\n<p>.<\/p>\n\n\n\n<p>.<\/p>\n\n\n\n<p><br>A sus \u00f3rdenes en:<\/p>\n\n\n\n<p>.<\/p>\n\n\n\n<p><strong><a href=\"http:\/\/www.santiagogalvan.com\/\">santiagogalvan<\/a><\/strong><\/p>\n\n\n\n<p><em>Facebook<\/em>:&nbsp;&nbsp;<a href=\"https:\/\/www.facebook.com\/Santiago.Galvan.E\/\">SG&amp;C Defensa e Ingenier\u00eda Fiscal<\/a>&nbsp;&nbsp;<\/p>\n\n\n\n<p><em>Twitter<\/em><em>:<\/em>&nbsp;&nbsp;@ogait33<\/p>\n\n\n\n<p><em>E-mail:<\/em>&nbsp;<a href=\"mailto:info@santiagogalvan.com\">info@santiagogalvan.com<\/a><\/p>\n\n\n\n<p><em>Linkedin:&nbsp;<\/em><a href=\"https:\/\/www.linkedin.com\/in\/santiago-galvan-9577882a\/\">Santiago (Oga Itnas) Galvan<\/a><\/p>\n\n\n\n<p>.<\/p>\n\n\n\n<p>Para suscribirse -gratuito- al&nbsp;<strong>Bolet\u00edn Fiscal<\/strong>&nbsp;<strong>SG&amp;C<\/strong>:<\/p>\n\n\n\n<p class=\"has-text-align-center has-luminous-vivid-amber-background-color has-background has-medium-font-size\"><strong>Mande un WhatsApp al 444 204 4204 con la palabra<\/strong>:&nbsp;<strong>\u201csuscribe\u201d<\/strong><\/p>\n\n\n\n<p><\/p>\n","protected":false},"excerpt":{"rendered":"<p>Llega la tecnolog\u00eda a la LGSM . . A partir del d\u00eda de ma\u00f1ana, entra en vigor el siguiente Decreto cuyo contenido se transcribe \u00edntegro como se publica en el DOF del d\u00eda de hoy 20 de octubre de 2023, mismo que modifica la Ley General de Sociedades Mercantiles en las siguientes materias: . Requisitos [&hellip;]<\/p>\n","protected":false},"author":2,"featured_media":0,"comment_status":"closed","ping_status":"open","sticky":false,"template":"","format":"standard","meta":[],"categories":[1],"tags":[],"_links":{"self":[{"href":"https:\/\/santiagogalvan.com\/index.php\/wp-json\/wp\/v2\/posts\/2630"}],"collection":[{"href":"https:\/\/santiagogalvan.com\/index.php\/wp-json\/wp\/v2\/posts"}],"about":[{"href":"https:\/\/santiagogalvan.com\/index.php\/wp-json\/wp\/v2\/types\/post"}],"author":[{"embeddable":true,"href":"https:\/\/santiagogalvan.com\/index.php\/wp-json\/wp\/v2\/users\/2"}],"replies":[{"embeddable":true,"href":"https:\/\/santiagogalvan.com\/index.php\/wp-json\/wp\/v2\/comments?post=2630"}],"version-history":[{"count":5,"href":"https:\/\/santiagogalvan.com\/index.php\/wp-json\/wp\/v2\/posts\/2630\/revisions"}],"predecessor-version":[{"id":2635,"href":"https:\/\/santiagogalvan.com\/index.php\/wp-json\/wp\/v2\/posts\/2630\/revisions\/2635"}],"wp:attachment":[{"href":"https:\/\/santiagogalvan.com\/index.php\/wp-json\/wp\/v2\/media?parent=2630"}],"wp:term":[{"taxonomy":"category","embeddable":true,"href":"https:\/\/santiagogalvan.com\/index.php\/wp-json\/wp\/v2\/categories?post=2630"},{"taxonomy":"post_tag","embeddable":true,"href":"https:\/\/santiagogalvan.com\/index.php\/wp-json\/wp\/v2\/tags?post=2630"}],"curies":[{"name":"wp","href":"https:\/\/api.w.org\/{rel}","templated":true}]}}