{"id":2705,"date":"2024-01-08T12:40:52","date_gmt":"2024-01-08T18:40:52","guid":{"rendered":"https:\/\/santiagogalvan.com\/?p=2705"},"modified":"2024-01-08T12:43:58","modified_gmt":"2024-01-08T18:43:58","slug":"tarifas-isr-para-pagos-provisionales-retenciones-y-calculo-anual-pf","status":"publish","type":"post","link":"https:\/\/santiagogalvan.com\/index.php\/2024\/01\/08\/tarifas-isr-para-pagos-provisionales-retenciones-y-calculo-anual-pf\/","title":{"rendered":"TARIFAS ISR para pagos provisionales, retenciones y c\u00e1lculo anual (PF)"},"content":{"rendered":"\n<p>.<\/p>\n\n\n\n<p>.<\/p>\n\n\n\n<p>Se da a conocer el Anexo 8 de la Resoluci\u00f3n Miscel\u00e1nea Fiscal para 2024 relativo a la publicaci\u00f3n de las <strong>TARIFAS APLICABLES A PAGOS PROVISIONALES, RETENCIONES Y CALCULO DEL ISR 2024\u00a0<\/strong>mismo que ponemos a su disposici\u00f3n en el siguiente link:<\/p>\n\n\n\n<p>.<\/p>\n\n\n\n<p>.<\/p>\n\n\n\n<div class=\"wp-block-file\"><a href=\"https:\/\/santiagogalvan.com\/wp-content\/uploads\/2024\/01\/SGC-Anexo-8-ResMis-Tarifas-ISR-2024.pdf\" target=\"_blank\" rel=\"noreferrer noopener\"><strong><span class=\"has-inline-color has-vivid-red-color\">TARIFA ISR PARA 2024 RETENCIONES Y PAGOS PROVISIONALES<\/span><\/strong><\/a><a href=\"https:\/\/santiagogalvan.com\/wp-content\/uploads\/2024\/01\/SGC-Anexo-8-ResMis-Tarifas-ISR-2024.pdf\" class=\"wp-block-file__button\" download>Descarga<\/a><\/div>\n\n\n\n<p>.<\/p>\n\n\n\n<p>.<\/p>\n\n\n\n<p>A sus \u00f3rdenes en:<\/p>\n\n\n\n<p>.<\/p>\n\n\n\n<p><strong><a href=\"http:\/\/www.santiagogalvan.com\/\">santiagogalvan<\/a><\/strong><\/p>\n\n\n\n<p><em>Facebook<\/em>:&nbsp;&nbsp;<a href=\"https:\/\/www.facebook.com\/Santiago.Galvan.E\/\">SG&amp;C Defensa e Ingenier\u00eda Fiscal<\/a>&nbsp;&nbsp;<\/p>\n\n\n\n<p><em>Twitter<\/em><em>:<\/em>&nbsp;&nbsp;@ogait33<\/p>\n\n\n\n<p><em>E-mail:<\/em>&nbsp;<a href=\"mailto:info@santiagogalvan.com\">info@santiagogalvan.com<\/a><\/p>\n\n\n\n<p><em>Linkedin:&nbsp;<\/em><a href=\"https:\/\/www.linkedin.com\/in\/santiago-galvan-9577882a\/\">Santiago (Oga Itnas) Galvan<\/a><\/p>\n\n\n\n<p>.<\/p>\n\n\n\n<p>Para suscribirse -gratuito- al&nbsp;<strong>Bolet\u00edn Fiscal<\/strong>&nbsp;<strong>SG&amp;C<\/strong>:<\/p>\n\n\n\n<p class=\"has-luminous-vivid-amber-background-color has-background has-medium-font-size\"><strong>Mande un WhatsApp al 444 204 4204 con la palabra<\/strong>:&nbsp;<strong>\u201csuscribe\u201d<\/strong><\/p>\n","protected":false},"excerpt":{"rendered":"<p>. . Se da a conocer el Anexo 8 de la Resoluci\u00f3n Miscel\u00e1nea Fiscal para 2024 relativo a la publicaci\u00f3n de las TARIFAS APLICABLES A PAGOS PROVISIONALES, RETENCIONES Y CALCULO DEL ISR 2024\u00a0mismo que ponemos a su disposici\u00f3n en el siguiente link: . . . . A sus \u00f3rdenes en: . santiagogalvan Facebook:&nbsp;&nbsp;SG&amp;C Defensa e [&hellip;]<\/p>\n","protected":false},"author":2,"featured_media":0,"comment_status":"closed","ping_status":"open","sticky":false,"template":"","format":"standard","meta":[],"categories":[6,5],"tags":[],"_links":{"self":[{"href":"https:\/\/santiagogalvan.com\/index.php\/wp-json\/wp\/v2\/posts\/2705"}],"collection":[{"href":"https:\/\/santiagogalvan.com\/index.php\/wp-json\/wp\/v2\/posts"}],"about":[{"href":"https:\/\/santiagogalvan.com\/index.php\/wp-json\/wp\/v2\/types\/post"}],"author":[{"embeddable":true,"href":"https:\/\/santiagogalvan.com\/index.php\/wp-json\/wp\/v2\/users\/2"}],"replies":[{"embeddable":true,"href":"https:\/\/santiagogalvan.com\/index.php\/wp-json\/wp\/v2\/comments?post=2705"}],"version-history":[{"count":1,"href":"https:\/\/santiagogalvan.com\/index.php\/wp-json\/wp\/v2\/posts\/2705\/revisions"}],"predecessor-version":[{"id":2707,"href":"https:\/\/santiagogalvan.com\/index.php\/wp-json\/wp\/v2\/posts\/2705\/revisions\/2707"}],"wp:attachment":[{"href":"https:\/\/santiagogalvan.com\/index.php\/wp-json\/wp\/v2\/media?parent=2705"}],"wp:term":[{"taxonomy":"category","embeddable":true,"href":"https:\/\/santiagogalvan.com\/index.php\/wp-json\/wp\/v2\/categories?post=2705"},{"taxonomy":"post_tag","embeddable":true,"href":"https:\/\/santiagogalvan.com\/index.php\/wp-json\/wp\/v2\/tags?post=2705"}],"curies":[{"name":"wp","href":"https:\/\/api.w.org\/{rel}","templated":true}]}}