{"id":2821,"date":"2024-11-16T10:20:44","date_gmt":"2024-11-16T16:20:44","guid":{"rendered":"https:\/\/santiagogalvan.com\/?p=2821"},"modified":"2024-11-16T10:43:28","modified_gmt":"2024-11-16T16:43:28","slug":"nuevo-texto-constitucional-del-art-123-en-materia-de-igualdad-de-genero","status":"publish","type":"post","link":"https:\/\/santiagogalvan.com\/index.php\/2024\/11\/16\/nuevo-texto-constitucional-del-art-123-en-materia-de-igualdad-de-genero\/","title":{"rendered":"Nuevo Texto CONSTITUCIONAL del Art. 123 en materia de igualdad de g\u00e9nero"},"content":{"rendered":"\n<p><\/p>\n\n\n\n<p>Aparece publicada en el Diario Oficial de la Federaci\u00f3n, la reforma Constitucional -otra m\u00e1s- al Art. 123 para quedar como sigue:<\/p>\n\n\n\n<p>.<\/p>\n\n\n\n<p class=\"has-medium-font-size\"><strong>Art\u00edculo 123. &#8230;&#8230;<\/strong><\/p>\n\n\n\n<p class=\"has-medium-font-size\"><strong>A. &#8230;<\/strong><\/p>\n\n\n\n<p class=\"has-medium-font-size\"><strong>I.&nbsp;<\/strong>a<strong>&nbsp;VI. &#8230;<\/strong><\/p>\n\n\n\n<p class=\"has-medium-font-size\"><strong>VII.<\/strong>&nbsp;&nbsp;&nbsp;A trabajo igual corresponder\u00e1 salario igual, sin tener en cuenta sexo, g\u00e9nero ni nacionalidad.&nbsp;Las leyes establecer\u00e1n los mecanismos tendientes a reducir y erradicar la brecha salarial de&nbsp;g\u00e9nero.<\/p>\n\n\n\n<p class=\"has-medium-font-size\"><strong>VIII.&nbsp;<\/strong>a<strong>&nbsp;XXXI. &#8230;<\/strong><\/p>\n\n\n\n<p class=\"has-medium-font-size\">.<\/p>\n\n\n\n<p class=\"has-medium-font-size\">.<\/p>\n\n\n\n<p>Para referencia, el texto antes de la reforma de \u00e9sta fracci\u00f3n, dec\u00eda:<\/p>\n\n\n\n<p>&#8220;<em>Para trabajo igual debe corresponder salario igual, sin tener en cuenta sexo ni nacionalidad<\/em>&#8220;<\/p>\n\n\n\n<p><\/p>\n\n\n\n<p>.<\/p>\n\n\n\n<p>.<\/p>\n\n\n\n<p>Esta reforma entra en vigor el 16 de noviembre de 2024 formando parte del siguiente:<\/p>\n\n\n\n<p class=\"has-text-align-center\"><strong>DECRETO<\/strong><\/p>\n\n\n\n<p class=\"has-text-align-center\">.<br><strong>&#8220;<\/strong>EL CONGRESO GENERAL DE LOS ESTADOS UNIDOS MEXICANOS, EN USO DE LA FACULTAD QUE LE&nbsp;CONFIERE EL ART\u00cdCULO 135 DE LA CONSTITUCI\u00d3N POL\u00cdTICA DE LOS ESTADOS UNIDOS MEXICANOS Y PREVIA&nbsp;LA APROBACI\u00d3N DE LA MAYOR\u00cdA DE LAS HONORABLES LEGISLATURAS DE LOS ESTADOS Y DE LA CIUDAD DE&nbsp;M\u00c9XICO, DECLARA REFORMADOS Y ADICIONADOS&nbsp;LOS ART\u00cdCULOS 4o.; 21; 41; 73; 116; 122 Y 123 DE LA&nbsp;CONSTITUCI\u00d3N POL\u00cdTICA DE LOS ESTADOS UNIDOS MEXICANOS, EN MATERIA DE IGUALDAD SUSTANTIVA,&nbsp;PERSPECTIVA DE G\u00c9NERO, DERECHO DE LAS MUJERES A UNA VIDA LIBRE DE VIOLENCIA Y ERRADICACI\u00d3N DE&nbsp;LA BRECHA SALARIAL POR RAZONES DE G\u00c9NERO<\/p>\n\n\n\n<p>.<\/p>\n\n\n\n<p><strong>Art\u00edculo \u00danico.-<\/strong>&nbsp;Se reforman los art\u00edculos 4o., p\u00e1rrafo primero; 21, p\u00e1rrafo noveno; 41, p\u00e1rrafo segundo;&nbsp;73, fracci\u00f3n XXI, pen\u00faltimo p\u00e1rrafo; 116, fracci\u00f3n IX; 122, Apartado A, fracci\u00f3n X, y 123, Apartado A,&nbsp;fracci\u00f3n&nbsp;VII y Apartado B, fracci\u00f3n V; y se adicionan un \u00faltimo p\u00e1rrafo al art\u00edculo 4o. y un segundo p\u00e1rrafo&nbsp;a la fracci\u00f3n&nbsp;IX del art\u00edculo 116, de la Constituci\u00f3n Pol\u00edtica de los Estados Unidos Mexicanos<\/p>\n\n\n\n<p>.<\/p>\n\n\n\n<p>.<\/p>\n\n\n\n<p>.<\/p>\n\n\n\n<p>Decreto completo en:<\/p>\n\n\n\n<p><a href=\"https:\/\/www.dof.gob.mx\/nota_detalle.php?codigo=5743185&amp;fecha=15\/11\/2024#gsc.tab=0\">https:\/\/www.dof.gob.mx\/nota_detalle.php?codigo=5743185&amp;fecha=15\/11\/2024#gsc.tab=0<\/a><\/p>\n\n\n\n<p>.<\/p>\n\n\n\n<p>.<\/p>\n\n\n\n<p>A sus \u00f3rdenes en:<\/p>\n\n\n\n<p>.<\/p>\n\n\n\n<p><strong><a href=\"http:\/\/www.santiagogalvan.com\/\">santiagogalvan<\/a><\/strong><\/p>\n\n\n\n<p><em>Facebook<\/em>:&nbsp;&nbsp;<a href=\"https:\/\/www.facebook.com\/Santiago.Galvan.E\/\">SG&amp;C Defensa e Ingenier\u00eda Fiscal<\/a>&nbsp;&nbsp;<\/p>\n\n\n\n<p><em>Twitter<\/em><em>:<\/em>&nbsp;&nbsp;@ogait33<\/p>\n\n\n\n<p><em>E-mail:<\/em>&nbsp;<a href=\"mailto:info@santiagogalvan.com\">info@santiagogalvan.com<\/a><\/p>\n\n\n\n<p><em>Linkedin:&nbsp;<\/em><a href=\"https:\/\/www.linkedin.com\/in\/santiago-galvan-9577882a\/\">Santiago (Oga Itnas) Galvan<\/a><\/p>\n\n\n\n<p>.<\/p>\n\n\n\n<p>Para suscribirse -gratuito- al&nbsp;<strong>Bolet\u00edn Fiscal<\/strong>&nbsp;<strong>SG&amp;C<\/strong>:<\/p>\n\n\n\n<p class=\"has-luminous-vivid-amber-background-color has-background has-large-font-size\"><strong>Mande un WhatsApp al 444 204 4204<\/strong> <strong>anotando &#8220;suscribe&#8221;<\/strong><\/p>\n","protected":false},"excerpt":{"rendered":"<p>Aparece publicada en el Diario Oficial de la Federaci\u00f3n, la reforma Constitucional -otra m\u00e1s- al Art. 123 para quedar como sigue: . Art\u00edculo 123. &#8230;&#8230; A. &#8230; I.&nbsp;a&nbsp;VI. &#8230; VII.&nbsp;&nbsp;&nbsp;A trabajo igual corresponder\u00e1 salario igual, sin tener en cuenta sexo, g\u00e9nero ni nacionalidad.&nbsp;Las leyes establecer\u00e1n los mecanismos tendientes a reducir y erradicar la brecha salarial [&hellip;]<\/p>\n","protected":false},"author":2,"featured_media":0,"comment_status":"closed","ping_status":"open","sticky":false,"template":"","format":"standard","meta":[],"categories":[9,5],"tags":[],"_links":{"self":[{"href":"https:\/\/santiagogalvan.com\/index.php\/wp-json\/wp\/v2\/posts\/2821"}],"collection":[{"href":"https:\/\/santiagogalvan.com\/index.php\/wp-json\/wp\/v2\/posts"}],"about":[{"href":"https:\/\/santiagogalvan.com\/index.php\/wp-json\/wp\/v2\/types\/post"}],"author":[{"embeddable":true,"href":"https:\/\/santiagogalvan.com\/index.php\/wp-json\/wp\/v2\/users\/2"}],"replies":[{"embeddable":true,"href":"https:\/\/santiagogalvan.com\/index.php\/wp-json\/wp\/v2\/comments?post=2821"}],"version-history":[{"count":3,"href":"https:\/\/santiagogalvan.com\/index.php\/wp-json\/wp\/v2\/posts\/2821\/revisions"}],"predecessor-version":[{"id":2825,"href":"https:\/\/santiagogalvan.com\/index.php\/wp-json\/wp\/v2\/posts\/2821\/revisions\/2825"}],"wp:attachment":[{"href":"https:\/\/santiagogalvan.com\/index.php\/wp-json\/wp\/v2\/media?parent=2821"}],"wp:term":[{"taxonomy":"category","embeddable":true,"href":"https:\/\/santiagogalvan.com\/index.php\/wp-json\/wp\/v2\/categories?post=2821"},{"taxonomy":"post_tag","embeddable":true,"href":"https:\/\/santiagogalvan.com\/index.php\/wp-json\/wp\/v2\/tags?post=2821"}],"curies":[{"name":"wp","href":"https:\/\/api.w.org\/{rel}","templated":true}]}}