{"id":2906,"date":"2025-01-05T19:05:46","date_gmt":"2025-01-06T01:05:46","guid":{"rendered":"https:\/\/santiagogalvan.com\/?p=2906"},"modified":"2025-01-05T19:06:55","modified_gmt":"2025-01-06T01:06:55","slug":"criterios-normativos-fiscales-2025","status":"publish","type":"post","link":"https:\/\/santiagogalvan.com\/index.php\/2025\/01\/05\/criterios-normativos-fiscales-2025\/","title":{"rendered":"CRITERIOS NORMATIVOS FISCALES 2025"},"content":{"rendered":"\n<p>Anexo 7 RMF 2025 (DOF 3 enero 2025)<\/p>\n\n\n\n<p>.<\/p>\n\n\n\n<p>.<\/p>\n\n\n\n<p>.<\/p>\n\n\n\n<p class=\"has-text-align-center has-large-font-size\"><strong>CRITERIOS NORMATIVOS FISCALES 2025<\/strong><\/p>\n\n\n\n<p>.<\/p>\n\n\n\n<p>.<\/p>\n\n\n\n<p><strong><u>Fundamento de los Criterios Normativos fiscales:<\/u><\/strong><\/p>\n\n\n\n<p><strong>CFF Art\u00edculo 33.-\u2026<\/strong><\/p>\n\n\n\n<p>\u2026, las autoridades fiscales dar\u00e1n a conocer a los contribuyentes, \u2026, los criterios de car\u00e1cter interno que emitan para el debido cumplimiento de las disposiciones fiscales, salvo aqu\u00e9llos que, a juicio de la propia autoridad, tengan el car\u00e1cter de confidenciales, sin que por ello nazcan obligaciones para los particularesy \u00fanicamente derivar\u00e1n derechos de los mismos cuando se publiquen en el Diario Oficial de la Federaci\u00f3n.<\/p>\n\n\n\n<p><strong>CFF Art\u00edculo 35<\/strong><strong>.-<\/strong><\/p>\n\n\n\n<p>Los funcionarios fiscales facultados debidamente podr\u00e1n\u00a0<em>dar a conocer a las diversas dependencias el criterio que deber\u00e1n seguir en cuanto a la aplicaci\u00f3n de las disposiciones fiscales<\/em>, sin que por ello nazcan obligaciones para los particulares y \u00fanicamente derivar\u00e1n derechos de los mismos cuando se publiquen en el Diario Oficial de la Federaci\u00f3n.<\/p>\n\n\n\n<p>.<\/p>\n\n\n\n<p>.<\/p>\n\n\n\n<p class=\"has-medium-font-size\">La compilaci\u00f3n de los Criterios Normativos Fiscales, se ofrece en el siguiente archivo debidamente ordenado para su consulta:<\/p>\n\n\n\n<div class=\"wp-block-file\"><a href=\"https:\/\/santiagogalvan.com\/wp-content\/uploads\/2025\/01\/SGC-Criterios-Normativos-Fiscales-2025.pdf\" target=\"_blank\" rel=\"noreferrer noopener\"><strong><span class=\"has-inline-color has-vivid-red-color\">CRITERIOS NORMATIVOS FISCALES 2025<\/span><\/strong><\/a><a href=\"https:\/\/santiagogalvan.com\/wp-content\/uploads\/2025\/01\/SGC-Criterios-Normativos-Fiscales-2025.pdf\" class=\"wp-block-file__button\" download>Descarga<\/a><\/div>\n\n\n\n<p>.<\/p>\n\n\n\n<p>..<\/p>\n\n\n\n<p>A sus \u00f3rdenes en:<\/p>\n\n\n\n<p>.<\/p>\n\n\n\n<p><strong><a href=\"http:\/\/www.santiagogalvan.com\/\">santiagogalvan<\/a><\/strong><\/p>\n\n\n\n<p><em>Facebook<\/em>:&nbsp;&nbsp;<a href=\"https:\/\/www.facebook.com\/Santiago.Galvan.E\/\">SG&amp;C Defensa e Ingenier\u00eda Fiscal<\/a>&nbsp;&nbsp;<\/p>\n\n\n\n<p><em>Twitter<\/em><em>:<\/em>&nbsp;&nbsp;@ogait33<\/p>\n\n\n\n<p><em>E-mail:<\/em>&nbsp;<a href=\"mailto:info@santiagogalvan.com\">info@santiagogalvan.com<\/a><\/p>\n\n\n\n<p><em>Linkedin:&nbsp;<\/em><a href=\"https:\/\/www.linkedin.com\/in\/santiago-galvan-9577882a\/\">Santiago (Oga Itnas) Galvan<\/a><\/p>\n\n\n\n<p>.<\/p>\n\n\n\n<p>Para suscribirse -gratuito- al&nbsp;<strong>Bolet\u00edn Fiscal<\/strong>&nbsp;<strong>SG&amp;C<\/strong>:<\/p>\n\n\n\n<p class=\"has-luminous-vivid-amber-background-color has-background has-medium-font-size\"><strong>Mande un WhatsApp al 444 204 4204<\/strong>&nbsp;<strong>anotando \u201csuscribe\u201d<\/strong><strong>o bien escanea:<\/strong><\/p>\n\n\n\n<p>.<\/p>\n\n\n\n<div class=\"wp-block-image\"><figure class=\"aligncenter\"><img loading=\"lazy\" width=\"360\" height=\"360\" src=\"https:\/\/santiagogalvan.com\/wp-content\/uploads\/2024\/12\/image-3.png\" alt=\"\" class=\"wp-image-2835\" srcset=\"https:\/\/santiagogalvan.com\/wp-content\/uploads\/2024\/12\/image-3.png 360w, https:\/\/santiagogalvan.com\/wp-content\/uploads\/2024\/12\/image-3-300x300.png 300w, https:\/\/santiagogalvan.com\/wp-content\/uploads\/2024\/12\/image-3-150x150.png 150w, https:\/\/santiagogalvan.com\/wp-content\/uploads\/2024\/12\/image-3-70x70.png 70w, https:\/\/santiagogalvan.com\/wp-content\/uploads\/2024\/12\/image-3-270x270.png 270w\" sizes=\"(max-width: 360px) 100vw, 360px\" \/><figcaption>Escanea para suscribirte al&nbsp;\ud835\uddd5\ud835\udde2\ud835\udddf\ud835\uddd8\ud835\udde7\ud835\udddc\ud835\udde1&nbsp;\ud835\uddd9\ud835\udddc\ud835\udde6\ud835\uddd6\ud835\uddd4\ud835\udddf&nbsp;\ud835\udde6\ud835\uddda&amp;\ud835\uddd6<\/figcaption><\/figure><\/div>\n","protected":false},"excerpt":{"rendered":"<p>Anexo 7 RMF 2025 (DOF 3 enero 2025) . . . CRITERIOS NORMATIVOS FISCALES 2025 . . Fundamento de los Criterios Normativos fiscales: CFF Art\u00edculo 33.-\u2026 \u2026, las autoridades fiscales dar\u00e1n a conocer a los contribuyentes, \u2026, los criterios de car\u00e1cter interno que emitan para el debido cumplimiento de las disposiciones fiscales, salvo aqu\u00e9llos que, [&hellip;]<\/p>\n","protected":false},"author":2,"featured_media":0,"comment_status":"closed","ping_status":"open","sticky":false,"template":"","format":"standard","meta":[],"categories":[1],"tags":[],"_links":{"self":[{"href":"https:\/\/santiagogalvan.com\/index.php\/wp-json\/wp\/v2\/posts\/2906"}],"collection":[{"href":"https:\/\/santiagogalvan.com\/index.php\/wp-json\/wp\/v2\/posts"}],"about":[{"href":"https:\/\/santiagogalvan.com\/index.php\/wp-json\/wp\/v2\/types\/post"}],"author":[{"embeddable":true,"href":"https:\/\/santiagogalvan.com\/index.php\/wp-json\/wp\/v2\/users\/2"}],"replies":[{"embeddable":true,"href":"https:\/\/santiagogalvan.com\/index.php\/wp-json\/wp\/v2\/comments?post=2906"}],"version-history":[{"count":2,"href":"https:\/\/santiagogalvan.com\/index.php\/wp-json\/wp\/v2\/posts\/2906\/revisions"}],"predecessor-version":[{"id":2909,"href":"https:\/\/santiagogalvan.com\/index.php\/wp-json\/wp\/v2\/posts\/2906\/revisions\/2909"}],"wp:attachment":[{"href":"https:\/\/santiagogalvan.com\/index.php\/wp-json\/wp\/v2\/media?parent=2906"}],"wp:term":[{"taxonomy":"category","embeddable":true,"href":"https:\/\/santiagogalvan.com\/index.php\/wp-json\/wp\/v2\/categories?post=2906"},{"taxonomy":"post_tag","embeddable":true,"href":"https:\/\/santiagogalvan.com\/index.php\/wp-json\/wp\/v2\/tags?post=2906"}],"curies":[{"name":"wp","href":"https:\/\/api.w.org\/{rel}","templated":true}]}}