{"id":2916,"date":"2025-02-17T18:38:31","date_gmt":"2025-02-18T00:38:31","guid":{"rendered":"https:\/\/santiagogalvan.com\/?p=2916"},"modified":"2025-02-17T18:38:36","modified_gmt":"2025-02-18T00:38:36","slug":"facilidades-administrativas-2025","status":"publish","type":"post","link":"https:\/\/santiagogalvan.com\/index.php\/2025\/02\/17\/facilidades-administrativas-2025\/","title":{"rendered":"FACILIDADES ADMINISTRATIVAS 2025"},"content":{"rendered":"\n<p>Resoluci\u00f3n publicada el 17 de febrero de 2025 en el DOF<\/p>\n\n\n\n<p>.<\/p>\n\n\n\n<p>.<\/p>\n\n\n\n<p class=\"has-text-align-center has-large-font-size\"><strong>RESOLUCI\u00d3N DE FACILIDADES ADMINISTRATIVAS\u00a0PARA LOS CONTRIBUYENTES DE LOS SECTORES\u00a0QUE EN LA MISMA SE SE\u00d1ALAN PARA 2025<\/strong><\/p>\n\n\n\n<p>.<\/p>\n\n\n\n<p>.<\/p>\n\n\n\n<p>.<\/p>\n\n\n\n<p class=\"has-medium-font-size\">La presente RESOLUCI\u00d3N DE FACILIDADES ADMINISTRATIVAS, fue dada en la&nbsp;&nbsp;Ciudad de M\u00e9xico el 6 de febrero de 2025 y suscrita, en suplencia por ausencia del Jefe del Servicio de Administraci\u00f3n Tributaria, por el Administrador General Jur\u00eddico, Lic. Ricardo Carrasco&nbsp;&nbsp;Varona<\/p>\n\n\n\n<p>.<\/p>\n\n\n\n<p class=\"has-medium-font-size\"><strong><u>Fundamento de la Resoluci\u00f3n:<\/u><\/strong><\/p>\n\n\n\n<p>Art\u00edculos&nbsp;<\/p>\n\n\n\n<ul><li>16 y 31 de la Ley Org\u00e1nica de la Administraci\u00f3n P\u00fablica Federal<\/li><li>33, fracci\u00f3n I, inciso g) del C\u00f3digo Fiscal de la Federaci\u00f3n<\/li><li>14, fracci\u00f3n III de la Ley del Servicio de Administraci\u00f3n Tributaria<\/li><li>8 del Reglamento Interior del Servicio de Administraci\u00f3n Tributaria<\/li><li>77 del Reglamento de la Ley del Impuesto al Valor Agregado<\/li><\/ul>\n\n\n\n<p>.<\/p>\n\n\n\n<p>.<\/p>\n\n\n\n<p><\/p>\n\n\n\n<p><\/p>\n\n\n\n<p class=\"has-medium-font-size\"><strong><u>Contenido<\/u><\/strong><\/p>\n\n\n\n<p><strong>T\u00edtulo 1.&nbsp;&nbsp;&nbsp;&nbsp;&nbsp;&nbsp;&nbsp;<\/strong>Sector Primario.<strong><\/strong><\/p>\n\n\n\n<p><strong>T\u00edtulo 2.&nbsp;&nbsp;&nbsp;&nbsp;&nbsp;&nbsp;&nbsp;<\/strong>Sector de Autotransporte Terrestre de Carga Federal.<\/p>\n\n\n\n<p><strong>T\u00edtulo 3.&nbsp;&nbsp;&nbsp;&nbsp;&nbsp;&nbsp;&nbsp;<\/strong>Sector de Autotransporte Terrestre For\u00e1neo de Pasaje y Turismo<strong>.<\/strong><\/p>\n\n\n\n<p><strong>T\u00edtulo 4.\u00a0\u00a0\u00a0\u00a0\u00a0\u00a0\u00a0<\/strong>Sector de Autotransporte Terrestre de Carga de Materiales y Autotransporte Terrestre\u00a0de Pasajeros\u00a0\u00a0Urbano y Suburbano.<\/p>\n\n\n\n<p>.<\/p>\n\n\n\n<p>.<\/p>\n\n\n\n<p>En el siguiente link, encontrar\u00e1 la Resoluci\u00f3n de Facilidades Administrativas 2025 ordenada por t\u00edtulos para su mejor estudio:<\/p>\n\n\n\n<p>.<\/p>\n\n\n\n<div class=\"wp-block-file\"><a href=\"https:\/\/santiagogalvan.com\/wp-content\/uploads\/2025\/02\/SGC-Resolucion-Facilidades-Administrativas-2025.pdf\" target=\"_blank\" rel=\"noreferrer noopener\"><strong><span class=\"has-inline-color has-vivid-red-color\">SGC-Resolucion-Facilidades-Administrativas-2025<\/span><\/strong><\/a><a href=\"https:\/\/santiagogalvan.com\/wp-content\/uploads\/2025\/02\/SGC-Resolucion-Facilidades-Administrativas-2025.pdf\" class=\"wp-block-file__button\" download>Descarga<\/a><\/div>\n\n\n\n<p>.<\/p>\n\n\n\n<p>A sus \u00f3rdenes en:<\/p>\n\n\n\n<p>.<\/p>\n\n\n\n<p><strong><a href=\"http:\/\/www.santiagogalvan.com\/\">santiagogalvan<\/a><\/strong><\/p>\n\n\n\n<p><em>Facebook<\/em>:&nbsp;&nbsp;<a href=\"https:\/\/www.facebook.com\/Santiago.Galvan.E\/\">SG&amp;C Defensa e Ingenier\u00eda Fiscal<\/a>&nbsp;&nbsp;<\/p>\n\n\n\n<p><em>Twitter<\/em><em>:<\/em>&nbsp;&nbsp;@ogait33<\/p>\n\n\n\n<p><em>E-mail:<\/em>&nbsp;<a href=\"mailto:info@santiagogalvan.com\">info@santiagogalvan.com<\/a><\/p>\n\n\n\n<p><em>Linkedin:&nbsp;<\/em><a href=\"https:\/\/www.linkedin.com\/in\/santiago-galvan-9577882a\/\">Santiago (Oga Itnas) Galvan<\/a><\/p>\n\n\n\n<p>.<\/p>\n\n\n\n<p>Para suscribirse -gratuito- al&nbsp;<strong>Bolet\u00edn Fiscal<\/strong>&nbsp;<strong>SG&amp;C<\/strong>:<\/p>\n\n\n\n<p class=\"has-luminous-vivid-amber-background-color has-background has-medium-font-size\"><strong>Mande un WhatsApp al 444 204 4204<\/strong>&nbsp;<strong>anotando \u201csuscribe\u201d<\/strong><strong>o bien escanea:<\/strong><\/p>\n\n\n\n<p>.<\/p>\n\n\n\n<div class=\"wp-block-image\"><figure class=\"aligncenter\"><img loading=\"lazy\" width=\"360\" height=\"360\" src=\"https:\/\/santiagogalvan.com\/wp-content\/uploads\/2024\/12\/image-3.png\" alt=\"\" class=\"wp-image-2835\" srcset=\"https:\/\/santiagogalvan.com\/wp-content\/uploads\/2024\/12\/image-3.png 360w, https:\/\/santiagogalvan.com\/wp-content\/uploads\/2024\/12\/image-3-300x300.png 300w, https:\/\/santiagogalvan.com\/wp-content\/uploads\/2024\/12\/image-3-150x150.png 150w, https:\/\/santiagogalvan.com\/wp-content\/uploads\/2024\/12\/image-3-70x70.png 70w, https:\/\/santiagogalvan.com\/wp-content\/uploads\/2024\/12\/image-3-270x270.png 270w\" sizes=\"(max-width: 360px) 100vw, 360px\" \/><\/figure><\/div>\n","protected":false},"excerpt":{"rendered":"<p>Resoluci\u00f3n publicada el 17 de febrero de 2025 en el DOF . . RESOLUCI\u00d3N DE FACILIDADES ADMINISTRATIVAS\u00a0PARA LOS CONTRIBUYENTES DE LOS SECTORES\u00a0QUE EN LA MISMA SE SE\u00d1ALAN PARA 2025 . . . La presente RESOLUCI\u00d3N DE FACILIDADES ADMINISTRATIVAS, fue dada en la&nbsp;&nbsp;Ciudad de M\u00e9xico el 6 de febrero de 2025 y suscrita, en suplencia por [&hellip;]<\/p>\n","protected":false},"author":2,"featured_media":0,"comment_status":"closed","ping_status":"open","sticky":false,"template":"","format":"standard","meta":[],"categories":[1],"tags":[],"_links":{"self":[{"href":"https:\/\/santiagogalvan.com\/index.php\/wp-json\/wp\/v2\/posts\/2916"}],"collection":[{"href":"https:\/\/santiagogalvan.com\/index.php\/wp-json\/wp\/v2\/posts"}],"about":[{"href":"https:\/\/santiagogalvan.com\/index.php\/wp-json\/wp\/v2\/types\/post"}],"author":[{"embeddable":true,"href":"https:\/\/santiagogalvan.com\/index.php\/wp-json\/wp\/v2\/users\/2"}],"replies":[{"embeddable":true,"href":"https:\/\/santiagogalvan.com\/index.php\/wp-json\/wp\/v2\/comments?post=2916"}],"version-history":[{"count":1,"href":"https:\/\/santiagogalvan.com\/index.php\/wp-json\/wp\/v2\/posts\/2916\/revisions"}],"predecessor-version":[{"id":2918,"href":"https:\/\/santiagogalvan.com\/index.php\/wp-json\/wp\/v2\/posts\/2916\/revisions\/2918"}],"wp:attachment":[{"href":"https:\/\/santiagogalvan.com\/index.php\/wp-json\/wp\/v2\/media?parent=2916"}],"wp:term":[{"taxonomy":"category","embeddable":true,"href":"https:\/\/santiagogalvan.com\/index.php\/wp-json\/wp\/v2\/categories?post=2916"},{"taxonomy":"post_tag","embeddable":true,"href":"https:\/\/santiagogalvan.com\/index.php\/wp-json\/wp\/v2\/tags?post=2916"}],"curies":[{"name":"wp","href":"https:\/\/api.w.org\/{rel}","templated":true}]}}