{"id":2919,"date":"2025-02-24T10:26:21","date_gmt":"2025-02-24T16:26:21","guid":{"rendered":"https:\/\/santiagogalvan.com\/?p=2919"},"modified":"2025-02-24T10:29:49","modified_gmt":"2025-02-24T16:29:49","slug":"2a-version-anticipada-de-modificaciones-a-la-miscelanea-fiscal-2025","status":"publish","type":"post","link":"https:\/\/santiagogalvan.com\/index.php\/2025\/02\/24\/2a-version-anticipada-de-modificaciones-a-la-miscelanea-fiscal-2025\/","title":{"rendered":"2a Versi\u00f3n Anticipada de Modificaciones a la MISCELANEA FISCAL 2025"},"content":{"rendered":"\n<p class=\"has-large-font-size\">.<\/p>\n\n\n\n<p class=\"has-large-font-size\">M\u00e1s problemas pr\u00e1cticos con el est\u00edmulo para no pagar recargos y multas:<\/p>\n\n\n\n<p>.<\/p>\n\n\n\n<p>.<\/p>\n\n\n\n<p class=\"has-medium-font-size\">Aparece la versi\u00f3n anticipada de la Segunda Resoluci\u00f3n de Modificaciones a la Resoluci\u00f3n Miscel\u00e1nea Fiscal 2025<\/p>\n\n\n\n<p>.<\/p>\n\n\n\n<p><\/p>\n\n\n\n<p class=\"has-medium-font-size\">En ella, entre otros temas,  se plantea que la regla 9.22 se reforma para quedar como sigue:<\/p>\n\n\n\n<p>.<\/p>\n\n\n\n<p><\/p>\n\n\n\n<p><\/p>\n\n\n\n<p class=\"has-medium-font-size\"><strong>Aplicaci\u00f3n del est\u00edmulo fiscal en declaraciones<\/strong><\/p>\n\n\n\n<p class=\"has-medium-font-size\">9.22. Para los efectos del Trig\u00e9simo Cuarto transitorio, segundo p\u00e1rrafo, fracci\u00f3n I, inciso a) de la LIF, mientras no se habilite en el Servicio de Declaraciones y Pagos, el \u201cEst\u00edmulo de regularizaci\u00f3n fiscal de la LIF\u201d en la secci\u00f3n de \u201cPago\u201d de los formularios de las declaraciones correspondientes, los contribuyentes podr\u00e1n aplicar dicho est\u00edmulo solicitando el FCF (l\u00ednea de captura) a trav\u00e9s del Portal del SAT, en el apartado Tr\u00e1mites y servicios \/ M\u00e1s tr\u00e1mites y servicios \/ Herramientas de cumplimiento \/ Presenta tu aclaraci\u00f3n, orientaci\u00f3n, servicio o solicitud \/ Presenta solicitudes o avisos \/ Pasos a seguir \/ Ingresa al Servicio, a continuaci\u00f3n captura tu RFC y Contrase\u00f1a y da clic en Iniciar sesi\u00f3n, selecciona las opciones: Servicios por Internet \/ Servicio o solicitudes \/ Solicitud y aparecer\u00e1 un formulario. En el apartado \u201cDescripci\u00f3n del Servicio\u201d, en la pesta\u00f1a Tr\u00e1mite, selecciona la etiqueta APLICACION ESTIMULO LIF DYP. En dicha solicitud deber\u00e1n proporcionar lo siguiente:<\/p>\n\n\n\n<p class=\"has-medium-font-size\">I. Contribuci\u00f3n, concepto, ejercicio y periodo relacionados con las multas y recargos a los que aplicar\u00e1 el est\u00edmulo.<\/p>\n\n\n\n<p class=\"has-medium-font-size\">II. Manifestaci\u00f3n, bajo protesta de decir verdad, de que cumplen con los requisitos establecidos en el Trig\u00e9simo Cuarto transitorio de la LIF, as\u00ed como el monto de la contribuci\u00f3n, actualizaci\u00f3n, recargos y, en su caso, el monto de la multa.<\/p>\n\n\n\n<p class=\"has-medium-font-size\">III. El monto del est\u00edmulo fiscal que desean aplicar.<\/p>\n\n\n\n<p class=\"has-medium-font-size\">Cuarenta y ocho horas despu\u00e9s de que se realice el pago del FCF (l\u00ednea de captura), se deber\u00e1 presentar la declaraci\u00f3n correspondiente, en la cual podr\u00e1 acreditarse el monto pagado al concepto a declarar, bajo el siguiente procedimiento:<\/p>\n\n\n\n<p class=\"has-medium-font-size\">I. Ingresar al Portal del SAT (www.sat.gob.mx).<\/p>\n\n\n\n<p class=\"has-medium-font-size\">II. Seleccionar el apartado Tr\u00e1mites y servicios.<\/p>\n\n\n\n<p class=\"has-medium-font-size\">III. Elegir los subapartados \u201cDeclaraciones para personas\u201d o \u201cDeclaraciones para empresas\u201d, seg\u00fan corresponda.<\/p>\n\n\n\n<p class=\"has-medium-font-size\">IV. Selecciona el apartado \u201cProvisionales y definitivas\u201d o \u201cAnual\u201d.<\/p>\n\n\n\n<p class=\"has-medium-font-size\">V. De las opciones que se despliegan en el apartado, seleccionar el formulario de la declaraci\u00f3n a presentar conforme al r\u00e9gimen de tributaci\u00f3n.<\/p>\n\n\n\n<p class=\"has-medium-font-size\">VI. Realizar el llenado de la declaraci\u00f3n capturando los datos habilitados o validando la informaci\u00f3n de las declaraciones prellenadas.<\/p>\n\n\n\n<p class=\"has-medium-font-size\">VII. Verificar que el monto del impuesto y accesorios coincidan con los importes se\u00f1alados en la respuesta al caso de aclaraci\u00f3n.<\/p>\n\n\n\n<p class=\"has-medium-font-size\">VIII. Determinada la cantidad a cargo, ingresar al apartado \u201cPago\u201d o \u201cDeterminaci\u00f3n de pago\u201d, seg\u00fan corresponda, al formulario que se presenta.<\/p>\n\n\n\n<p class=\"has-medium-font-size\">IX. Seleccionar o capturar en el campo \u201cMonto pagado con anterioridad\u201d, los datos solicitados en el formulario, la cantidad pagada en el mismo y la fecha en que se realiz\u00f3.<\/p>\n\n\n\n<p class=\"has-medium-font-size\">X. Guardar y continuar con la presentaci\u00f3n de la declaraci\u00f3n hasta el env\u00edo.<\/p>\n\n\n\n<p class=\"has-medium-font-size\">.<\/p>\n\n\n\n<p class=\"has-medium-font-size\">.<\/p>\n\n\n\n<p class=\"has-medium-font-size\">Hasta aqu\u00ed la propuesta de reforma a la regla 9.22. en torno al trig\u00e9simo cuarto transitorio de la Ley de Ingresos de la Federaci\u00f3n para 2025 (ver referencia en https:\/\/santiagogalvan.com\/index.php\/2025\/01\/13\/estimulo-fiscal-por-multas-recargos-y-gastos-de-ejecucion\/ )<\/p>\n\n\n\n<p>.<\/p>\n\n\n\n<p><\/p>\n\n\n\n<p class=\"has-medium-font-size\">Lo anterior significa que al momento de que se hayan cubierto las contribuciones adeudadas sin recargos ni multas a trav\u00e9s de un FCP (l\u00ednea de captura) solicitado a la autoridad mediante el tr\u00e1mite denominado APLICACION ESTIMULO LIF DYP, el contribuyente podr\u00e1 presentar su declaraci\u00f3n complementaria correspondiente al periodo adeudado por el que se aplic\u00f3 el est\u00edmulo (eliminaci\u00f3n de recargos y multas) se\u00f1alando como un \u201cpago hecho con anterioridad\u201d el monto reci\u00e9n cubierto con lo que se generar\u00e1 una declaraci\u00f3n sin recargos.<\/p>\n\n\n\n<p><\/p>\n\n\n\n<p>.<\/p>\n\n\n\n<p class=\"has-medium-font-size\"><strong>Pero &#8230;.<\/strong><\/p>\n\n\n\n<p class=\"has-medium-font-size\">\u00bfqu\u00e9 pasar\u00e1, por ejemplo, en pagos provisionales ISR,\u00a0\u00a0con las pr\u00f3ximas declaraciones en las que habr\u00eda que acreditar los pagos hechos hasta ese momento?<\/p>\n\n\n\n<p>.<\/p>\n\n\n\n<p><\/p>\n\n\n\n<p class=\"has-medium-font-size\">\u00bfQu\u00e9 pasar\u00e1, por ejemplo, en IVA cuando en la declaraci\u00f3n persista la existencia de un saldo a favor a\u00fan con el pago de IVA adicional?<\/p>\n\n\n\n<p>.<\/p>\n\n\n\n<p><\/p>\n\n\n\n<p><\/p>\n\n\n\n<p class=\"has-medium-font-size\">\u00bfQu\u00e9 pasar\u00e1 con las consecuencias de un posible incremento en el coeficiente de utilidad de un ejercicio al acumular aquellos ingresos que se hubieran omitido?.<\/p>\n\n\n\n<p class=\"has-medium-font-size\">.<\/p>\n\n\n\n<p class=\"has-medium-font-size\">Si bien es cierto que \u00e9ste est\u00edmulo representar\u00e1 una recaudaci\u00f3n importante para la autoridad y un respiro para los contribuyentes que por tener adeudos pendientes estaban preocupados por saber cuando los detectar\u00eda la autoridad y les restringir\u00eda su CSD, tambi\u00e9n lo es que operativamente \u00e9ste es un procedimiento inacabado<\/p>\n\n\n\n<p class=\"has-medium-font-size\">.<\/p>\n\n\n\n<p class=\"has-medium-font-size\">etc.<\/p>\n\n\n\n<p class=\"has-medium-font-size\">etc.<\/p>\n\n\n\n<p class=\"has-medium-font-size\">etc.<\/p>\n\n\n\n<p><\/p>\n\n\n\n<p><\/p>\n\n\n\n<p><\/p>\n\n\n\n<p>.<\/p>\n\n\n\n<p>.<\/p>\n\n\n\n<p><br>A sus \u00f3rdenes en:<\/p>\n\n\n\n<p>.<\/p>\n\n\n\n<p><strong><a href=\"http:\/\/www.santiagogalvan.com\/\">santiagogalvan<\/a><\/strong><\/p>\n\n\n\n<p><em>Facebook<\/em>:&nbsp;&nbsp;<a href=\"https:\/\/www.facebook.com\/Santiago.Galvan.E\/\">SG&amp;C Defensa e Ingenier\u00eda Fiscal<\/a>&nbsp;&nbsp;<\/p>\n\n\n\n<p><em>Twitter<\/em><em>:<\/em>&nbsp;&nbsp;@ogait33<\/p>\n\n\n\n<p><em>E-mail:<\/em>&nbsp;<a href=\"mailto:info@santiagogalvan.com\">info@santiagogalvan.com<\/a><\/p>\n\n\n\n<p><em>Linkedin:&nbsp;<\/em><a href=\"https:\/\/www.linkedin.com\/in\/santiago-galvan-9577882a\/\">Santiago (Oga Itnas) Galvan<\/a><\/p>\n\n\n\n<p>.<\/p>\n\n\n\n<p>Para suscribirse -gratuito- al&nbsp;<strong>Bolet\u00edn Fiscal<\/strong>&nbsp;<strong>SG&amp;C<\/strong>:<\/p>\n\n\n\n<p><strong>Mande un WhatsApp al 444 204 4204<\/strong>&nbsp;<strong>anotando \u201csuscribe\u201d<\/strong><strong>o bien escanea:<\/strong><\/p>\n\n\n\n<p>.<\/p>\n\n\n\n<p><br>A sus \u00f3rdenes en:<\/p>\n\n\n\n<p>.<\/p>\n\n\n\n<p><strong><a href=\"http:\/\/www.santiagogalvan.com\/\">santiagogalvan<\/a><\/strong><\/p>\n\n\n\n<p><em>Facebook<\/em>:&nbsp;&nbsp;<a href=\"https:\/\/www.facebook.com\/Santiago.Galvan.E\/\">SG&amp;C Defensa e Ingenier\u00eda Fiscal<\/a>&nbsp;&nbsp;<\/p>\n\n\n\n<p><em>Twitter<\/em><em>:<\/em>&nbsp;&nbsp;@ogait33<\/p>\n\n\n\n<p><em>E-mail:<\/em>&nbsp;<a href=\"mailto:info@santiagogalvan.com\">info@santiagogalvan.com<\/a><\/p>\n\n\n\n<p><em>Linkedin:&nbsp;<\/em><a href=\"https:\/\/www.linkedin.com\/in\/santiago-galvan-9577882a\/\">Santiago (Oga Itnas) Galvan<\/a><\/p>\n\n\n\n<p>.<\/p>\n\n\n\n<p>Para suscribirse -gratuito- al&nbsp;<strong>Bolet\u00edn Fiscal<\/strong>&nbsp;<strong>SG&amp;C<\/strong>:<\/p>\n\n\n\n<p class=\"has-luminous-vivid-amber-background-color has-background\"><strong>Mande un WhatsApp al 444 204 4204<\/strong>&nbsp;<strong>anotando \u201csuscribe\u201d<\/strong><strong>o bien escanea:<\/strong><\/p>\n\n\n\n<p>.<\/p>\n\n\n\n<div class=\"wp-block-image\"><figure class=\"aligncenter\"><img loading=\"lazy\" width=\"360\" height=\"360\" src=\"https:\/\/santiagogalvan.com\/wp-content\/uploads\/2024\/12\/image-3.png\" alt=\"\" class=\"wp-image-2835\" srcset=\"https:\/\/santiagogalvan.com\/wp-content\/uploads\/2024\/12\/image-3.png 360w, https:\/\/santiagogalvan.com\/wp-content\/uploads\/2024\/12\/image-3-300x300.png 300w, https:\/\/santiagogalvan.com\/wp-content\/uploads\/2024\/12\/image-3-150x150.png 150w, https:\/\/santiagogalvan.com\/wp-content\/uploads\/2024\/12\/image-3-70x70.png 70w, https:\/\/santiagogalvan.com\/wp-content\/uploads\/2024\/12\/image-3-270x270.png 270w\" sizes=\"(max-width: 360px) 100vw, 360px\" \/><figcaption>Escanea para suscribirte al&nbsp;\ud835\uddd5\ud835\udde2\ud835\udddf\ud835\uddd8\ud835\udde7\ud835\udddc\ud835\udde1&nbsp;\ud835\uddd9\ud835\udddc\ud835\udde6\ud835\uddd6\ud835\uddd4\ud835\udddf&nbsp;\ud835\udde6\ud835\uddda&amp;\ud835\uddd6<\/figcaption><\/figure><\/div>\n","protected":false},"excerpt":{"rendered":"<p>. M\u00e1s problemas pr\u00e1cticos con el est\u00edmulo para no pagar recargos y multas: . . Aparece la versi\u00f3n anticipada de la Segunda Resoluci\u00f3n de Modificaciones a la Resoluci\u00f3n Miscel\u00e1nea Fiscal 2025 . En ella, entre otros temas, se plantea que la regla 9.22 se reforma para quedar como sigue: . Aplicaci\u00f3n del est\u00edmulo fiscal en [&hellip;]<\/p>\n","protected":false},"author":2,"featured_media":0,"comment_status":"closed","ping_status":"open","sticky":false,"template":"","format":"standard","meta":[],"categories":[6,5,1],"tags":[],"_links":{"self":[{"href":"https:\/\/santiagogalvan.com\/index.php\/wp-json\/wp\/v2\/posts\/2919"}],"collection":[{"href":"https:\/\/santiagogalvan.com\/index.php\/wp-json\/wp\/v2\/posts"}],"about":[{"href":"https:\/\/santiagogalvan.com\/index.php\/wp-json\/wp\/v2\/types\/post"}],"author":[{"embeddable":true,"href":"https:\/\/santiagogalvan.com\/index.php\/wp-json\/wp\/v2\/users\/2"}],"replies":[{"embeddable":true,"href":"https:\/\/santiagogalvan.com\/index.php\/wp-json\/wp\/v2\/comments?post=2919"}],"version-history":[{"count":5,"href":"https:\/\/santiagogalvan.com\/index.php\/wp-json\/wp\/v2\/posts\/2919\/revisions"}],"predecessor-version":[{"id":2924,"href":"https:\/\/santiagogalvan.com\/index.php\/wp-json\/wp\/v2\/posts\/2919\/revisions\/2924"}],"wp:attachment":[{"href":"https:\/\/santiagogalvan.com\/index.php\/wp-json\/wp\/v2\/media?parent=2919"}],"wp:term":[{"taxonomy":"category","embeddable":true,"href":"https:\/\/santiagogalvan.com\/index.php\/wp-json\/wp\/v2\/categories?post=2919"},{"taxonomy":"post_tag","embeddable":true,"href":"https:\/\/santiagogalvan.com\/index.php\/wp-json\/wp\/v2\/tags?post=2919"}],"curies":[{"name":"wp","href":"https:\/\/api.w.org\/{rel}","templated":true}]}}